{"id":463,"date":"2020-10-08T17:50:31","date_gmt":"2020-10-08T20:50:31","guid":{"rendered":"https:\/\/esem.org.br\/?p=463"},"modified":"2022-10-04T17:52:30","modified_gmt":"2022-10-04T20:52:30","slug":"universidade-de-sao-paulo-e-ministerio-da-justica-farao-a-capacitacao-de-policiais-que-atuam-na-triplice-fronteira-entre-brasil-argentina-e-paraguai","status":"publish","type":"post","link":"https:\/\/esem.org.br\/en\/universidade-de-sao-paulo-e-ministerio-da-justica-farao-a-capacitacao-de-policiais-que-atuam-na-triplice-fronteira-entre-brasil-argentina-e-paraguai\/","title":{"rendered":"University of S\u00e3o Paulo and Ministry of Justice will train police officers working on the Triple Border between Brazil, Argentina and Paraguay"},"content":{"rendered":"<div data-elementor-type=\"wp-post\" data-elementor-id=\"463\" class=\"elementor elementor-463\" data-elementor-post-type=\"post\">\n\t\t\t\t\t\t<section class=\"elementor-section elementor-top-section elementor-element elementor-element-90915ce elementor-section-boxed elementor-section-height-default elementor-section-height-default\" data-id=\"90915ce\" data-element_type=\"section\" data-e-type=\"section\" data-settings=\"{&quot;ekit_has_onepagescroll_dot&quot;:&quot;yes&quot;}\">\n\t\t\t\t\t\t<div class=\"elementor-container elementor-column-gap-default\">\n\t\t\t\t\t<div class=\"elementor-column elementor-col-100 elementor-top-column elementor-element elementor-element-c4b689d\" data-id=\"c4b689d\" data-element_type=\"column\" data-e-type=\"column\">\n\t\t\t<div class=\"elementor-widget-wrap elementor-element-populated\">\n\t\t\t\t\t\t<div class=\"elementor-element elementor-element-b73230a elementor-widget elementor-widget-text-editor\" data-id=\"b73230a\" data-element_type=\"widget\" data-e-type=\"widget\" data-settings=\"{&quot;ekit_we_effect_on&quot;:&quot;none&quot;}\" data-widget_type=\"text-editor.default\">\n\t\t\t\t<div class=\"elementor-widget-container\">\n\t\t\t\t\t\t\t\t\t<p>The Ministry of Justice and Public Security (MJSP) signed a technical cooperation agreement with the University of S\u00e3o Paulo Paulo (USP) that will make it possible to carry out actions in the area of \u200b\u200btraining, teaching and research for agents who work on the borders and borders of the country. The document, published this Thursday (08), in the Federal Official Gazette, was signed by the deputy executive secretary of the Ministry of Justice and Public Security, Washington Bonini, and by the director of the Institute of International Relations at USP, Janina Onuki. .<br \/><br \/>The agreement will also provide for the exchange of professors and researchers; joint elaboration of extension and research projects; joint organization of courses of scientific and cultural events; exchange of information and publications; exchange of members of the technical-administrative team; and shared courses and subjects.<\/p><p>One of the planned courses, called \u201cMultidimensional Security at the Borders\u201d, will be held in the Distance Learning modality, with online classes, for about 500 police officers who work on the Triple Border between Brazil, Paraguay and Argentina, a region known as the focus of action. of organized crime, and in Uruguay. With an expected duration of one and a half months, the objective of the course is to reduce the difference in performance between the institutions that deal with the control of the trade in counterfeit and smuggled products at the border in order to better confront criminal organizations.<\/p><p><br \/>The content of the program, which will have a workload of 60 hours in the initial phase, will address the functioning of organized crime, the process of transnationalization of illicit markets and the operational structure of the main illegal markets in the region. In the face-to-face phase, scheduled for the first half of 2021, it will take more than 80 hours. The classes will be taught by academics from the Institute of International Relations of the University of S\u00e3o Paulo, in partnership with representatives of the Mackenzie University Law School, and public security professionals with recognized experience in the border area and other agents working in the region.<\/p>\t\t\t\t\t\t\t\t<\/div>\n\t\t\t\t<\/div>\n\t\t\t\t\t<\/div>\n\t\t<\/div>\n\t\t\t\t\t<\/div>\n\t\t<\/section>\n\t\t\t\t<section class=\"elementor-section elementor-top-section elementor-element elementor-element-c92a9e3 elementor-section-boxed elementor-section-height-default elementor-section-height-default\" data-id=\"c92a9e3\" data-element_type=\"section\" data-e-type=\"section\" data-settings=\"{&quot;ekit_has_onepagescroll_dot&quot;:&quot;yes&quot;}\">\n\t\t\t\t\t\t<div class=\"elementor-container elementor-column-gap-default\">\n\t\t\t\t\t<div class=\"elementor-column elementor-col-100 elementor-top-column elementor-element elementor-element-973dc6c\" data-id=\"973dc6c\" data-element_type=\"column\" data-e-type=\"column\">\n\t\t\t<div class=\"elementor-widget-wrap elementor-element-populated\">\n\t\t\t\t\t\t<div class=\"elementor-element elementor-element-421ea6f elementor-widget elementor-widget-image\" data-id=\"421ea6f\" data-element_type=\"widget\" data-e-type=\"widget\" data-settings=\"{&quot;ekit_we_effect_on&quot;:&quot;none&quot;}\" data-widget_type=\"image.default\">\n\t\t\t\t<div class=\"elementor-widget-container\">\n\t\t\t\t\t\t\t\t\t\t\t\t<figure class=\"wp-caption\">\n\t\t\t\t\t\t\t\t\t\t<img fetchpriority=\"high\" decoding=\"async\" width=\"506\" height=\"308\" src=\"https:\/\/esem.org.br\/wp-content\/uploads\/2022\/10\/02.png\" class=\"attachment-large size-large wp-image-464\" alt=\"\" srcset=\"https:\/\/esem.org.br\/wp-content\/uploads\/2022\/10\/02.png 506w, https:\/\/esem.org.br\/wp-content\/uploads\/2022\/10\/02-300x183.png 300w\" sizes=\"(max-width: 506px) 100vw, 506px\" \/>\t\t\t\t\t\t\t\t\t\t\t<figcaption class=\"widget-image-caption wp-caption-text\">The signing ceremony was held by video conference on October 22, 2020.<\/figcaption>\n\t\t\t\t\t\t\t\t\t\t<\/figure>\n\t\t\t\t\t\t\t\t\t<\/div>\n\t\t\t\t<\/div>\n\t\t\t\t\t<\/div>\n\t\t<\/div>\n\t\t\t\t\t<\/div>\n\t\t<\/section>\n\t\t\t\t<\/div>","protected":false},"excerpt":{"rendered":"<p>O Minist\u00e9rio da Justi\u00e7a e Seguran\u00e7a P\u00fablica (MJSP) assinou um acordo de coopera\u00e7\u00e3o t\u00e9cnica com a Universidade de S\u00e3o Paulo (USP) que vai possibilitar a realiza\u00e7\u00e3o de a\u00e7\u00f5es na \u00e1rea de capacita\u00e7\u00e3o, ensino e pesquisa para os agentes que atuam nas fronteiras e divisas do Pa\u00eds. O documento, publicado, nesta quinta-feira (08), no Di\u00e1rio Oficial [&hellip;]<\/p>\n","protected":false},"author":1,"featured_media":464,"comment_status":"closed","ping_status":"open","sticky":false,"template":"","format":"standard","meta":{"footnotes":""},"categories":[9],"tags":[],"class_list":["post-463","post","type-post","status-publish","format-standard","has-post-thumbnail","hentry","category-noticias"],"yoast_head":"<!-- This site is optimized with the Yoast SEO plugin v27.4 - https:\/\/yoast.com\/product\/yoast-seo-wordpress\/ -->\n<title>Universidade de S\u00e3o Paulo e Minist\u00e9rio da Justi\u00e7a far\u00e3o a capacita\u00e7\u00e3o de policiais que atuam na Tr\u00edplice Fronteira entre Brasil, Argentina e Paraguai - ESEM<\/title>\n<meta name=\"description\" content=\"A Escola de Seguran\u00e7a Multidimensional (ESEM) faz parte do Instituto de Rela\u00e7\u00f5es Internacionais (IRI) da Universidade de S\u00e3o Paulo (USP).\" \/>\n<meta name=\"robots\" content=\"index, follow, max-snippet:-1, max-image-preview:large, max-video-preview:-1\" \/>\n<link rel=\"canonical\" href=\"https:\/\/esem.org.br\/en\/universidade-de-sao-paulo-e-ministerio-da-justica-farao-a-capacitacao-de-policiais-que-atuam-na-triplice-fronteira-entre-brasil-argentina-e-paraguai\/\" \/>\n<meta property=\"og:locale\" content=\"en_US\" \/>\n<meta property=\"og:type\" content=\"article\" \/>\n<meta property=\"og:title\" content=\"Universidade de S\u00e3o Paulo e Minist\u00e9rio da Justi\u00e7a far\u00e3o a capacita\u00e7\u00e3o de policiais que atuam na Tr\u00edplice Fronteira entre Brasil, Argentina e Paraguai - ESEM\" \/>\n<meta property=\"og:description\" content=\"A Escola de Seguran\u00e7a Multidimensional (ESEM) faz parte do Instituto de Rela\u00e7\u00f5es Internacionais (IRI) da Universidade de S\u00e3o Paulo (USP).\" \/>\n<meta property=\"og:url\" content=\"https:\/\/esem.org.br\/en\/universidade-de-sao-paulo-e-ministerio-da-justica-farao-a-capacitacao-de-policiais-que-atuam-na-triplice-fronteira-entre-brasil-argentina-e-paraguai\/\" \/>\n<meta property=\"og:site_name\" content=\"ESEM\" \/>\n<meta property=\"article:published_time\" content=\"2020-10-08T20:50:31+00:00\" \/>\n<meta property=\"article:modified_time\" content=\"2022-10-04T20:52:30+00:00\" \/>\n<meta property=\"og:image\" content=\"https:\/\/esem.org.br\/wp-content\/uploads\/2022\/10\/02.png\" \/>\n\t<meta property=\"og:image:width\" content=\"506\" \/>\n\t<meta property=\"og:image:height\" content=\"308\" \/>\n\t<meta property=\"og:image:type\" content=\"image\/png\" \/>\n<meta name=\"author\" content=\"admin\" \/>\n<meta name=\"twitter:card\" content=\"summary_large_image\" \/>\n<meta name=\"twitter:label1\" content=\"Written by\" \/>\n\t<meta name=\"twitter:data1\" content=\"admin\" \/>\n\t<meta name=\"twitter:label2\" content=\"Est. reading time\" \/>\n\t<meta name=\"twitter:data2\" content=\"2 minutes\" \/>\n<script type=\"application\/ld+json\" class=\"yoast-schema-graph\">{\"@context\":\"https:\\\/\\\/schema.org\",\"@graph\":[{\"@type\":\"Article\",\"@id\":\"https:\\\/\\\/esem.org.br\\\/universidade-de-sao-paulo-e-ministerio-da-justica-farao-a-capacitacao-de-policiais-que-atuam-na-triplice-fronteira-entre-brasil-argentina-e-paraguai\\\/#article\",\"isPartOf\":{\"@id\":\"https:\\\/\\\/esem.org.br\\\/universidade-de-sao-paulo-e-ministerio-da-justica-farao-a-capacitacao-de-policiais-que-atuam-na-triplice-fronteira-entre-brasil-argentina-e-paraguai\\\/\"},\"author\":{\"name\":\"admin\",\"@id\":\"https:\\\/\\\/esem.org.br\\\/pt\\\/#\\\/schema\\\/person\\\/e205b78049d24c9f719863aaefefb174\"},\"headline\":\"Universidade de S\u00e3o Paulo e Minist\u00e9rio da Justi\u00e7a far\u00e3o a capacita\u00e7\u00e3o de policiais que atuam na Tr\u00edplice Fronteira entre Brasil, Argentina e Paraguai\",\"datePublished\":\"2020-10-08T20:50:31+00:00\",\"dateModified\":\"2022-10-04T20:52:30+00:00\",\"mainEntityOfPage\":{\"@id\":\"https:\\\/\\\/esem.org.br\\\/universidade-de-sao-paulo-e-ministerio-da-justica-farao-a-capacitacao-de-policiais-que-atuam-na-triplice-fronteira-entre-brasil-argentina-e-paraguai\\\/\"},\"wordCount\":411,\"publisher\":{\"@id\":\"https:\\\/\\\/esem.org.br\\\/pt\\\/#organization\"},\"image\":{\"@id\":\"https:\\\/\\\/esem.org.br\\\/universidade-de-sao-paulo-e-ministerio-da-justica-farao-a-capacitacao-de-policiais-que-atuam-na-triplice-fronteira-entre-brasil-argentina-e-paraguai\\\/#primaryimage\"},\"thumbnailUrl\":\"https:\\\/\\\/esem.org.br\\\/wp-content\\\/uploads\\\/2022\\\/10\\\/02.png\",\"articleSection\":[\"Not\u00edcias\"],\"inLanguage\":\"en-US\"},{\"@type\":\"WebPage\",\"@id\":\"https:\\\/\\\/esem.org.br\\\/universidade-de-sao-paulo-e-ministerio-da-justica-farao-a-capacitacao-de-policiais-que-atuam-na-triplice-fronteira-entre-brasil-argentina-e-paraguai\\\/\",\"url\":\"https:\\\/\\\/esem.org.br\\\/universidade-de-sao-paulo-e-ministerio-da-justica-farao-a-capacitacao-de-policiais-que-atuam-na-triplice-fronteira-entre-brasil-argentina-e-paraguai\\\/\",\"name\":\"Universidade de S\u00e3o Paulo e Minist\u00e9rio da Justi\u00e7a far\u00e3o a capacita\u00e7\u00e3o de policiais que atuam na Tr\u00edplice Fronteira entre Brasil, Argentina e Paraguai - ESEM\",\"isPartOf\":{\"@id\":\"https:\\\/\\\/esem.org.br\\\/pt\\\/#website\"},\"primaryImageOfPage\":{\"@id\":\"https:\\\/\\\/esem.org.br\\\/universidade-de-sao-paulo-e-ministerio-da-justica-farao-a-capacitacao-de-policiais-que-atuam-na-triplice-fronteira-entre-brasil-argentina-e-paraguai\\\/#primaryimage\"},\"image\":{\"@id\":\"https:\\\/\\\/esem.org.br\\\/universidade-de-sao-paulo-e-ministerio-da-justica-farao-a-capacitacao-de-policiais-que-atuam-na-triplice-fronteira-entre-brasil-argentina-e-paraguai\\\/#primaryimage\"},\"thumbnailUrl\":\"https:\\\/\\\/esem.org.br\\\/wp-content\\\/uploads\\\/2022\\\/10\\\/02.png\",\"datePublished\":\"2020-10-08T20:50:31+00:00\",\"dateModified\":\"2022-10-04T20:52:30+00:00\",\"description\":\"A Escola de Seguran\u00e7a Multidimensional (ESEM) faz parte do Instituto de Rela\u00e7\u00f5es Internacionais (IRI) da Universidade de S\u00e3o Paulo (USP).\",\"breadcrumb\":{\"@id\":\"https:\\\/\\\/esem.org.br\\\/universidade-de-sao-paulo-e-ministerio-da-justica-farao-a-capacitacao-de-policiais-que-atuam-na-triplice-fronteira-entre-brasil-argentina-e-paraguai\\\/#breadcrumb\"},\"inLanguage\":\"en-US\",\"potentialAction\":[{\"@type\":\"ReadAction\",\"target\":[\"https:\\\/\\\/esem.org.br\\\/universidade-de-sao-paulo-e-ministerio-da-justica-farao-a-capacitacao-de-policiais-que-atuam-na-triplice-fronteira-entre-brasil-argentina-e-paraguai\\\/\"]}]},{\"@type\":\"ImageObject\",\"inLanguage\":\"en-US\",\"@id\":\"https:\\\/\\\/esem.org.br\\\/universidade-de-sao-paulo-e-ministerio-da-justica-farao-a-capacitacao-de-policiais-que-atuam-na-triplice-fronteira-entre-brasil-argentina-e-paraguai\\\/#primaryimage\",\"url\":\"https:\\\/\\\/esem.org.br\\\/wp-content\\\/uploads\\\/2022\\\/10\\\/02.png\",\"contentUrl\":\"https:\\\/\\\/esem.org.br\\\/wp-content\\\/uploads\\\/2022\\\/10\\\/02.png\",\"width\":506,\"height\":308},{\"@type\":\"BreadcrumbList\",\"@id\":\"https:\\\/\\\/esem.org.br\\\/universidade-de-sao-paulo-e-ministerio-da-justica-farao-a-capacitacao-de-policiais-que-atuam-na-triplice-fronteira-entre-brasil-argentina-e-paraguai\\\/#breadcrumb\",\"itemListElement\":[{\"@type\":\"ListItem\",\"position\":1,\"name\":\"In\u00edcio\",\"item\":\"https:\\\/\\\/esem.org.br\\\/\"},{\"@type\":\"ListItem\",\"position\":2,\"name\":\"Universidade de S\u00e3o Paulo e Minist\u00e9rio da Justi\u00e7a far\u00e3o a capacita\u00e7\u00e3o de policiais que atuam na Tr\u00edplice Fronteira entre Brasil, Argentina e Paraguai\"}]},{\"@type\":\"WebSite\",\"@id\":\"https:\\\/\\\/esem.org.br\\\/pt\\\/#website\",\"url\":\"https:\\\/\\\/esem.org.br\\\/pt\\\/\",\"name\":\"ESEM Escola de Seguran\u00e7a Multidimensional\",\"description\":\"Escola de Seguran\u00e7a Multidimensional\",\"publisher\":{\"@id\":\"https:\\\/\\\/esem.org.br\\\/pt\\\/#organization\"},\"potentialAction\":[{\"@type\":\"SearchAction\",\"target\":{\"@type\":\"EntryPoint\",\"urlTemplate\":\"https:\\\/\\\/esem.org.br\\\/pt\\\/?s={search_term_string}\"},\"query-input\":{\"@type\":\"PropertyValueSpecification\",\"valueRequired\":true,\"valueName\":\"search_term_string\"}}],\"inLanguage\":\"en-US\"},{\"@type\":\"Organization\",\"@id\":\"https:\\\/\\\/esem.org.br\\\/pt\\\/#organization\",\"name\":\"ESEM Escola de Seguran\u00e7a Multidimensional\",\"url\":\"https:\\\/\\\/esem.org.br\\\/pt\\\/\",\"logo\":{\"@type\":\"ImageObject\",\"inLanguage\":\"en-US\",\"@id\":\"https:\\\/\\\/esem.org.br\\\/pt\\\/#\\\/schema\\\/logo\\\/image\\\/\",\"url\":\"https:\\\/\\\/esem.org.br\\\/wp-content\\\/uploads\\\/2022\\\/09\\\/Copia-de-WhatsApp-Image-2021-05-24-at-17.04.17-e1663853541820.jpeg\",\"contentUrl\":\"https:\\\/\\\/esem.org.br\\\/wp-content\\\/uploads\\\/2022\\\/09\\\/Copia-de-WhatsApp-Image-2021-05-24-at-17.04.17-e1663853541820.jpeg\",\"width\":739,\"height\":966,\"caption\":\"ESEM Escola de Seguran\u00e7a Multidimensional\"},\"image\":{\"@id\":\"https:\\\/\\\/esem.org.br\\\/pt\\\/#\\\/schema\\\/logo\\\/image\\\/\"}},{\"@type\":\"Person\",\"@id\":\"https:\\\/\\\/esem.org.br\\\/pt\\\/#\\\/schema\\\/person\\\/e205b78049d24c9f719863aaefefb174\",\"name\":\"admin\",\"image\":{\"@type\":\"ImageObject\",\"inLanguage\":\"en-US\",\"@id\":\"https:\\\/\\\/secure.gravatar.com\\\/avatar\\\/0326793483408f4e835790807584e1aca258987a62f70a0b083ffd73bea4a891?s=96&d=mm&r=g\",\"url\":\"https:\\\/\\\/secure.gravatar.com\\\/avatar\\\/0326793483408f4e835790807584e1aca258987a62f70a0b083ffd73bea4a891?s=96&d=mm&r=g\",\"contentUrl\":\"https:\\\/\\\/secure.gravatar.com\\\/avatar\\\/0326793483408f4e835790807584e1aca258987a62f70a0b083ffd73bea4a891?s=96&d=mm&r=g\",\"caption\":\"admin\"},\"sameAs\":[\"https:\\\/\\\/esem.org.br\"],\"url\":\"https:\\\/\\\/esem.org.br\\\/en\\\/author\\\/admin\\\/\"}]}<\/script>\n<!-- \/ Yoast SEO plugin. -->","yoast_head_json":{"title":"Universidade de S\u00e3o Paulo e Minist\u00e9rio da Justi\u00e7a far\u00e3o a capacita\u00e7\u00e3o de policiais que atuam na Tr\u00edplice Fronteira entre Brasil, Argentina e Paraguai - ESEM","description":"The School of Multidimensional Security (ESEM) is part of the Institute of International Relations (IRI) of the University of S\u00e3o Paulo (USP).","robots":{"index":"index","follow":"follow","max-snippet":"max-snippet:-1","max-image-preview":"max-image-preview:large","max-video-preview":"max-video-preview:-1"},"canonical":"https:\/\/esem.org.br\/en\/universidade-de-sao-paulo-e-ministerio-da-justica-farao-a-capacitacao-de-policiais-que-atuam-na-triplice-fronteira-entre-brasil-argentina-e-paraguai\/","og_locale":"en_US","og_type":"article","og_title":"Universidade de S\u00e3o Paulo e Minist\u00e9rio da Justi\u00e7a far\u00e3o a capacita\u00e7\u00e3o de policiais que atuam na Tr\u00edplice Fronteira entre Brasil, Argentina e Paraguai - ESEM","og_description":"A Escola de Seguran\u00e7a Multidimensional (ESEM) faz parte do Instituto de Rela\u00e7\u00f5es Internacionais (IRI) da Universidade de S\u00e3o Paulo (USP).","og_url":"https:\/\/esem.org.br\/en\/universidade-de-sao-paulo-e-ministerio-da-justica-farao-a-capacitacao-de-policiais-que-atuam-na-triplice-fronteira-entre-brasil-argentina-e-paraguai\/","og_site_name":"ESEM","article_published_time":"2020-10-08T20:50:31+00:00","article_modified_time":"2022-10-04T20:52:30+00:00","og_image":[{"width":506,"height":308,"url":"https:\/\/esem.org.br\/wp-content\/uploads\/2022\/10\/02.png","type":"image\/png"}],"author":"admin","twitter_card":"summary_large_image","twitter_misc":{"Written by":"admin","Est. reading time":"2 minutes"},"schema":{"@context":"https:\/\/schema.org","@graph":[{"@type":"Article","@id":"https:\/\/esem.org.br\/universidade-de-sao-paulo-e-ministerio-da-justica-farao-a-capacitacao-de-policiais-que-atuam-na-triplice-fronteira-entre-brasil-argentina-e-paraguai\/#article","isPartOf":{"@id":"https:\/\/esem.org.br\/universidade-de-sao-paulo-e-ministerio-da-justica-farao-a-capacitacao-de-policiais-que-atuam-na-triplice-fronteira-entre-brasil-argentina-e-paraguai\/"},"author":{"name":"admin","@id":"https:\/\/esem.org.br\/pt\/#\/schema\/person\/e205b78049d24c9f719863aaefefb174"},"headline":"Universidade de S\u00e3o Paulo e Minist\u00e9rio da Justi\u00e7a far\u00e3o a capacita\u00e7\u00e3o de policiais que atuam na Tr\u00edplice Fronteira entre Brasil, Argentina e Paraguai","datePublished":"2020-10-08T20:50:31+00:00","dateModified":"2022-10-04T20:52:30+00:00","mainEntityOfPage":{"@id":"https:\/\/esem.org.br\/universidade-de-sao-paulo-e-ministerio-da-justica-farao-a-capacitacao-de-policiais-que-atuam-na-triplice-fronteira-entre-brasil-argentina-e-paraguai\/"},"wordCount":411,"publisher":{"@id":"https:\/\/esem.org.br\/pt\/#organization"},"image":{"@id":"https:\/\/esem.org.br\/universidade-de-sao-paulo-e-ministerio-da-justica-farao-a-capacitacao-de-policiais-que-atuam-na-triplice-fronteira-entre-brasil-argentina-e-paraguai\/#primaryimage"},"thumbnailUrl":"https:\/\/esem.org.br\/wp-content\/uploads\/2022\/10\/02.png","articleSection":["Not\u00edcias"],"inLanguage":"en-US"},{"@type":"WebPage","@id":"https:\/\/esem.org.br\/universidade-de-sao-paulo-e-ministerio-da-justica-farao-a-capacitacao-de-policiais-que-atuam-na-triplice-fronteira-entre-brasil-argentina-e-paraguai\/","url":"https:\/\/esem.org.br\/universidade-de-sao-paulo-e-ministerio-da-justica-farao-a-capacitacao-de-policiais-que-atuam-na-triplice-fronteira-entre-brasil-argentina-e-paraguai\/","name":"Universidade de S\u00e3o Paulo e Minist\u00e9rio da Justi\u00e7a far\u00e3o a capacita\u00e7\u00e3o de policiais que atuam na Tr\u00edplice Fronteira entre Brasil, Argentina e Paraguai - ESEM","isPartOf":{"@id":"https:\/\/esem.org.br\/pt\/#website"},"primaryImageOfPage":{"@id":"https:\/\/esem.org.br\/universidade-de-sao-paulo-e-ministerio-da-justica-farao-a-capacitacao-de-policiais-que-atuam-na-triplice-fronteira-entre-brasil-argentina-e-paraguai\/#primaryimage"},"image":{"@id":"https:\/\/esem.org.br\/universidade-de-sao-paulo-e-ministerio-da-justica-farao-a-capacitacao-de-policiais-que-atuam-na-triplice-fronteira-entre-brasil-argentina-e-paraguai\/#primaryimage"},"thumbnailUrl":"https:\/\/esem.org.br\/wp-content\/uploads\/2022\/10\/02.png","datePublished":"2020-10-08T20:50:31+00:00","dateModified":"2022-10-04T20:52:30+00:00","description":"The School of Multidimensional Security (ESEM) is part of the Institute of International Relations (IRI) of the University of S\u00e3o Paulo (USP).","breadcrumb":{"@id":"https:\/\/esem.org.br\/universidade-de-sao-paulo-e-ministerio-da-justica-farao-a-capacitacao-de-policiais-que-atuam-na-triplice-fronteira-entre-brasil-argentina-e-paraguai\/#breadcrumb"},"inLanguage":"en-US","potentialAction":[{"@type":"ReadAction","target":["https:\/\/esem.org.br\/universidade-de-sao-paulo-e-ministerio-da-justica-farao-a-capacitacao-de-policiais-que-atuam-na-triplice-fronteira-entre-brasil-argentina-e-paraguai\/"]}]},{"@type":"ImageObject","inLanguage":"en-US","@id":"https:\/\/esem.org.br\/universidade-de-sao-paulo-e-ministerio-da-justica-farao-a-capacitacao-de-policiais-que-atuam-na-triplice-fronteira-entre-brasil-argentina-e-paraguai\/#primaryimage","url":"https:\/\/esem.org.br\/wp-content\/uploads\/2022\/10\/02.png","contentUrl":"https:\/\/esem.org.br\/wp-content\/uploads\/2022\/10\/02.png","width":506,"height":308},{"@type":"BreadcrumbList","@id":"https:\/\/esem.org.br\/universidade-de-sao-paulo-e-ministerio-da-justica-farao-a-capacitacao-de-policiais-que-atuam-na-triplice-fronteira-entre-brasil-argentina-e-paraguai\/#breadcrumb","itemListElement":[{"@type":"ListItem","position":1,"name":"In\u00edcio","item":"https:\/\/esem.org.br\/"},{"@type":"ListItem","position":2,"name":"Universidade de S\u00e3o Paulo e Minist\u00e9rio da Justi\u00e7a far\u00e3o a capacita\u00e7\u00e3o de policiais que atuam na Tr\u00edplice Fronteira entre Brasil, Argentina e Paraguai"}]},{"@type":"WebSite","@id":"https:\/\/esem.org.br\/pt\/#website","url":"https:\/\/esem.org.br\/pt\/","name":"ESEM Escola de Seguran\u00e7a Multidimensional","description":"School of Multidimensional Security","publisher":{"@id":"https:\/\/esem.org.br\/pt\/#organization"},"potentialAction":[{"@type":"SearchAction","target":{"@type":"EntryPoint","urlTemplate":"https:\/\/esem.org.br\/pt\/?s={search_term_string}"},"query-input":{"@type":"PropertyValueSpecification","valueRequired":true,"valueName":"search_term_string"}}],"inLanguage":"en-US"},{"@type":"Organization","@id":"https:\/\/esem.org.br\/pt\/#organization","name":"ESEM Escola de Seguran\u00e7a Multidimensional","url":"https:\/\/esem.org.br\/pt\/","logo":{"@type":"ImageObject","inLanguage":"en-US","@id":"https:\/\/esem.org.br\/pt\/#\/schema\/logo\/image\/","url":"https:\/\/esem.org.br\/wp-content\/uploads\/2022\/09\/Copia-de-WhatsApp-Image-2021-05-24-at-17.04.17-e1663853541820.jpeg","contentUrl":"https:\/\/esem.org.br\/wp-content\/uploads\/2022\/09\/Copia-de-WhatsApp-Image-2021-05-24-at-17.04.17-e1663853541820.jpeg","width":739,"height":966,"caption":"ESEM Escola de Seguran\u00e7a Multidimensional"},"image":{"@id":"https:\/\/esem.org.br\/pt\/#\/schema\/logo\/image\/"}},{"@type":"Person","@id":"https:\/\/esem.org.br\/pt\/#\/schema\/person\/e205b78049d24c9f719863aaefefb174","name":"admin","image":{"@type":"ImageObject","inLanguage":"en-US","@id":"https:\/\/secure.gravatar.com\/avatar\/0326793483408f4e835790807584e1aca258987a62f70a0b083ffd73bea4a891?s=96&d=mm&r=g","url":"https:\/\/secure.gravatar.com\/avatar\/0326793483408f4e835790807584e1aca258987a62f70a0b083ffd73bea4a891?s=96&d=mm&r=g","contentUrl":"https:\/\/secure.gravatar.com\/avatar\/0326793483408f4e835790807584e1aca258987a62f70a0b083ffd73bea4a891?s=96&d=mm&r=g","caption":"admin"},"sameAs":["https:\/\/esem.org.br"],"url":"https:\/\/esem.org.br\/en\/author\/admin\/"}]}},"_links":{"self":[{"href":"https:\/\/esem.org.br\/en\/wp-json\/wp\/v2\/posts\/463","targetHints":{"allow":["GET"]}}],"collection":[{"href":"https:\/\/esem.org.br\/en\/wp-json\/wp\/v2\/posts"}],"about":[{"href":"https:\/\/esem.org.br\/en\/wp-json\/wp\/v2\/types\/post"}],"author":[{"embeddable":true,"href":"https:\/\/esem.org.br\/en\/wp-json\/wp\/v2\/users\/1"}],"replies":[{"embeddable":true,"href":"https:\/\/esem.org.br\/en\/wp-json\/wp\/v2\/comments?post=463"}],"version-history":[{"count":4,"href":"https:\/\/esem.org.br\/en\/wp-json\/wp\/v2\/posts\/463\/revisions"}],"predecessor-version":[{"id":468,"href":"https:\/\/esem.org.br\/en\/wp-json\/wp\/v2\/posts\/463\/revisions\/468"}],"wp:featuredmedia":[{"embeddable":true,"href":"https:\/\/esem.org.br\/en\/wp-json\/wp\/v2\/media\/464"}],"wp:attachment":[{"href":"https:\/\/esem.org.br\/en\/wp-json\/wp\/v2\/media?parent=463"}],"wp:term":[{"taxonomy":"category","embeddable":true,"href":"https:\/\/esem.org.br\/en\/wp-json\/wp\/v2\/categories?post=463"},{"taxonomy":"post_tag","embeddable":true,"href":"https:\/\/esem.org.br\/en\/wp-json\/wp\/v2\/tags?post=463"}],"curies":[{"name":"wp","href":"https:\/\/api.w.org\/{rel}","templated":true}]}}