{"id":7072,"date":"2026-09-02T13:04:10","date_gmt":"2026-09-02T16:04:10","guid":{"rendered":"https:\/\/esem.org.br\/?p=7072"},"modified":"2026-09-02T22:43:05","modified_gmt":"2026-09-03T01:43:05","slug":"ministerio-da-saude-lanca-modera-brasil-desenvolvido-em-parceria-com-a-usp-para-prevencao-ao-consumo-problematico-de-alcool","status":"publish","type":"post","link":"https:\/\/esem.org.br\/en\/ministerio-da-saude-lanca-modera-brasil-desenvolvido-em-parceria-com-a-usp-para-prevencao-ao-consumo-problematico-de-alcool\/","title":{"rendered":"Minist\u00e9rio da Sa\u00fade lan\u00e7a Modera Brasil, desenvolvido em parceria com a USP para preven\u00e7\u00e3o ao consumo problem\u00e1tico de \u00e1lcool"},"content":{"rendered":"<div data-elementor-type=\"wp-post\" data-elementor-id=\"7072\" class=\"elementor elementor-7072\" data-elementor-post-type=\"post\">\n\t\t\t\t\t\t<section class=\"elementor-section elementor-top-section elementor-element elementor-element-96ed315 elementor-section-boxed elementor-section-height-default elementor-section-height-default\" data-id=\"96ed315\" data-element_type=\"section\" data-e-type=\"section\" data-settings=\"{&quot;ekit_has_onepagescroll_dot&quot;:&quot;yes&quot;}\">\n\t\t\t\t\t\t<div class=\"elementor-container elementor-column-gap-default\">\n\t\t\t\t\t<div class=\"elementor-column elementor-col-100 elementor-top-column elementor-element elementor-element-2e3576c\" data-id=\"2e3576c\" data-element_type=\"column\" data-e-type=\"column\">\n\t\t\t<div class=\"elementor-widget-wrap elementor-element-populated\">\n\t\t\t\t\t\t<div class=\"elementor-element elementor-element-784f2b3 elementor-widget elementor-widget-text-editor\" data-id=\"784f2b3\" data-element_type=\"widget\" data-e-type=\"widget\" data-settings=\"{&quot;ekit_we_effect_on&quot;:&quot;none&quot;}\" data-widget_type=\"text-editor.default\">\n\t\t\t\t<div class=\"elementor-widget-container\">\n\t\t\t\t\t\t\t\t\t<p><strong><em>Texto: Comunica\u00e7\u00e3o ESEM\u00a0<\/em><\/strong><\/p>\t\t\t\t\t\t\t\t<\/div>\n\t\t\t\t<\/div>\n\t\t\t\t<div class=\"elementor-element elementor-element-eb41314 e-grid-align-left elementor-shape-rounded elementor-grid-0 elementor-widget elementor-widget-social-icons\" data-id=\"eb41314\" data-element_type=\"widget\" data-e-type=\"widget\" data-settings=\"{&quot;ekit_we_effect_on&quot;:&quot;none&quot;}\" data-widget_type=\"social-icons.default\">\n\t\t\t\t<div class=\"elementor-widget-container\">\n\t\t\t\t\t\t\t<div class=\"elementor-social-icons-wrapper elementor-grid\" role=\"list\">\n\t\t\t\t\t\t\t<span class=\"elementor-grid-item\" role=\"listitem\">\n\t\t\t\t\t<a class=\"elementor-icon elementor-social-icon elementor-social-icon-facebook elementor-repeater-item-84c6ed8\" href=\"https:\/\/www.facebook.com\/sharer\/sharer.php?u=https:\/\/esem.org.br\/ministerio-da-saude-lanca-modera-brasil\" target=\"_blank\">\n\t\t\t\t\t\t<span class=\"elementor-screen-only\">Facebook<\/span>\n\t\t\t\t\t\t<i aria-hidden=\"true\" class=\"fab fa-facebook\"><\/i>\t\t\t\t\t<\/a>\n\t\t\t\t<\/span>\n\t\t\t\t\t\t\t<span class=\"elementor-grid-item\" role=\"listitem\">\n\t\t\t\t\t<a class=\"elementor-icon elementor-social-icon elementor-social-icon-x-twitter elementor-repeater-item-feafdc5\" href=\"https:\/\/twitter.com\/intent\/tweet?url=https:\/\/esem.org.br\/ministerio-da-saude-lanca-modera-brasil&#038;text=Confira%20essa%20not\u00edcia\" target=\"_blank\">\n\t\t\t\t\t\t<span class=\"elementor-screen-only\">X-twitter<\/span>\n\t\t\t\t\t\t<i aria-hidden=\"true\" class=\"fab fa-x-twitter\"><\/i>\t\t\t\t\t<\/a>\n\t\t\t\t<\/span>\n\t\t\t\t\t\t\t<span class=\"elementor-grid-item\" role=\"listitem\">\n\t\t\t\t\t<a class=\"elementor-icon elementor-social-icon elementor-social-icon-whatsapp elementor-repeater-item-d615f0b\" href=\"https:\/\/api.whatsapp.com\/send?text=Confira%20essa%20not\u00edcia:%20https:\/\/esem.org.br\/ministerio-da-saude-lanca-modera-brasil\" target=\"_blank\">\n\t\t\t\t\t\t<span class=\"elementor-screen-only\">Whatsapp<\/span>\n\t\t\t\t\t\t<i aria-hidden=\"true\" class=\"fab fa-whatsapp\"><\/i>\t\t\t\t\t<\/a>\n\t\t\t\t<\/span>\n\t\t\t\t\t\t\t<span class=\"elementor-grid-item\" role=\"listitem\">\n\t\t\t\t\t<a class=\"elementor-icon elementor-social-icon elementor-social-icon-linkedin elementor-repeater-item-b1c1b46\" href=\"https:\/\/www.linkedin.com\/shareArticle?mini=true&#038;url=https:\/\/esem.org.br\/ministerio-da-saude-lanca-modera-brasil\" target=\"_blank\">\n\t\t\t\t\t\t<span class=\"elementor-screen-only\">Linkedin<\/span>\n\t\t\t\t\t\t<i aria-hidden=\"true\" class=\"fab fa-linkedin\"><\/i>\t\t\t\t\t<\/a>\n\t\t\t\t<\/span>\n\t\t\t\t\t<\/div>\n\t\t\t\t\t\t<\/div>\n\t\t\t\t<\/div>\n\t\t\t\t\t<\/div>\n\t\t<\/div>\n\t\t\t\t\t<\/div>\n\t\t<\/section>\n\t\t\t\t<section class=\"elementor-section elementor-top-section elementor-element elementor-element-e13c0d8 elementor-section-boxed elementor-section-height-default elementor-section-height-default\" data-id=\"e13c0d8\" data-element_type=\"section\" data-e-type=\"section\" data-settings=\"{&quot;ekit_has_onepagescroll_dot&quot;:&quot;yes&quot;}\">\n\t\t\t\t\t\t<div class=\"elementor-container elementor-column-gap-default\">\n\t\t\t\t\t<div class=\"elementor-column elementor-col-100 elementor-top-column elementor-element elementor-element-bcb8c48\" data-id=\"bcb8c48\" data-element_type=\"column\" data-e-type=\"column\">\n\t\t\t<div class=\"elementor-widget-wrap\">\n\t\t\t\t\t\t\t<\/div>\n\t\t<\/div>\n\t\t\t\t\t<\/div>\n\t\t<\/section>\n\t\t\t\t<section class=\"elementor-section elementor-top-section elementor-element elementor-element-17b215c elementor-section-boxed elementor-section-height-default elementor-section-height-default\" data-id=\"17b215c\" data-element_type=\"section\" data-e-type=\"section\" data-settings=\"{&quot;ekit_has_onepagescroll_dot&quot;:&quot;yes&quot;}\">\n\t\t\t\t\t\t<div class=\"elementor-container elementor-column-gap-default\">\n\t\t\t\t\t<div class=\"elementor-column elementor-col-100 elementor-top-column elementor-element elementor-element-f2ea977\" data-id=\"f2ea977\" data-element_type=\"column\" data-e-type=\"column\">\n\t\t\t<div class=\"elementor-widget-wrap elementor-element-populated\">\n\t\t\t\t\t\t<div class=\"elementor-element elementor-element-e046995 elementor-widget elementor-widget-text-editor\" data-id=\"e046995\" data-element_type=\"widget\" data-e-type=\"widget\" data-settings=\"{&quot;ekit_we_effect_on&quot;:&quot;none&quot;}\" data-widget_type=\"text-editor.default\">\n\t\t\t\t<div class=\"elementor-widget-container\">\n\t\t\t\t\t\t\t\t\t<p><span style=\"font-weight: 400;\">O Minist\u00e9rio da Sa\u00fade lan\u00e7ou, em 10 de agosto, o Modera Brasil, aplicativo de sa\u00fade digital desenvolvido em parceria com a Universidade de S\u00e3o Paulo (USP) para prevenir o consumo problem\u00e1tico de \u00e1lcool. Dispon\u00edvel no Meu SUS Digital, a ferramenta permite que usu\u00e1rios do Sistema \u00danico de Sa\u00fade (SUS) avaliem seu padr\u00e3o de consumo e recebam orienta\u00e7\u00f5es para reduzir os riscos associados ao \u00e1lcool.<\/span><\/p>\t\t\t\t\t\t\t\t<\/div>\n\t\t\t\t<\/div>\n\t\t\t\t<div class=\"elementor-element elementor-element-2c70459 elementor-widget elementor-widget-image\" data-id=\"2c70459\" data-element_type=\"widget\" data-e-type=\"widget\" data-settings=\"{&quot;ekit_we_effect_on&quot;:&quot;none&quot;}\" data-widget_type=\"image.default\">\n\t\t\t\t<div class=\"elementor-widget-container\">\n\t\t\t\t\t\t\t\t\t\t\t\t\t\t\t<img fetchpriority=\"high\" decoding=\"async\" width=\"768\" height=\"512\" src=\"https:\/\/esem.org.br\/wp-content\/uploads\/2026\/09\/lancamento-modera-brasil-esem-usp-181-768x512.jpg\" class=\"attachment-medium_large size-medium_large wp-image-7076\" alt=\"\" srcset=\"https:\/\/esem.org.br\/wp-content\/uploads\/2026\/09\/lancamento-modera-brasil-esem-usp-181-768x512.jpg 768w, https:\/\/esem.org.br\/wp-content\/uploads\/2026\/09\/lancamento-modera-brasil-esem-usp-181-300x200.jpg 300w, https:\/\/esem.org.br\/wp-content\/uploads\/2026\/09\/lancamento-modera-brasil-esem-usp-181-1024x683.jpg 1024w, https:\/\/esem.org.br\/wp-content\/uploads\/2026\/09\/lancamento-modera-brasil-esem-usp-181-1536x1024.jpg 1536w, https:\/\/esem.org.br\/wp-content\/uploads\/2026\/09\/lancamento-modera-brasil-esem-usp-181-2048x1366.jpg 2048w, https:\/\/esem.org.br\/wp-content\/uploads\/2026\/09\/lancamento-modera-brasil-esem-usp-181-18x12.jpg 18w\" sizes=\"(max-width: 768px) 100vw, 768px\" \/>\t\t\t\t\t\t\t\t\t\t\t\t\t\t\t<\/div>\n\t\t\t\t<\/div>\n\t\t\t\t<div class=\"elementor-element elementor-element-980fa7f elementor-widget elementor-widget-text-editor\" data-id=\"980fa7f\" data-element_type=\"widget\" data-e-type=\"widget\" data-settings=\"{&quot;ekit_we_effect_on&quot;:&quot;none&quot;}\" data-widget_type=\"text-editor.default\">\n\t\t\t\t<div class=\"elementor-widget-container\">\n\t\t\t\t\t\t\t\t\t<p><span style=\"font-weight: 400;\">O aplicativo utiliza o question\u00e1rio AUDIT (Alcohol Use Disorders Identification Test), instrumento validado internacionalmente para o rastreamento do consumo de risco. A partir da pontua\u00e7\u00e3o obtida, o usu\u00e1rio \u00e9 classificado em diferentes zonas de risco, entre baixo, moderado e uso problem\u00e1tico, e direcionado a uma jornada espec\u00edfica dentro da plataforma.<\/span><\/p><p><span style=\"font-weight: 400;\">De acordo com o resultado da avalia\u00e7\u00e3o, o Modera Brasil oferece conte\u00fados informativos e exerc\u00edcios interativos. Quando necess\u00e1rio, a ferramenta tamb\u00e9m orienta o usu\u00e1rio a buscar atendimento nos servi\u00e7os da Rede de Aten\u00e7\u00e3o \u00e0 Sa\u00fade.<\/span><\/p><p><span style=\"font-weight: 400;\">O Modera Brasil \u00e9 resultado de uma parceria entre o Minist\u00e9rio da Sa\u00fade e a Universidade de S\u00e3o Paulo, com apoio de um hub de empresas de inova\u00e7\u00e3o liderado pela Au\u00edri. O lan\u00e7amento contou com a presen\u00e7a do ministro da Sa\u00fade, Alexandre Padilha, e com a participa\u00e7\u00e3o do professor Martino Martinelli, do Instituto do Cora\u00e7\u00e3o (InCor) da Faculdade de Medicina da USP e conselheiro cient\u00edfico da Escola de <a href=\"http:\/\/www;esem.org.br\">Seguran\u00e7a Multidimensional da USP (ESEM-USP)<\/a> no programa sobre consumo de \u00e1lcoo<\/span><\/p>\t\t\t\t\t\t\t\t<\/div>\n\t\t\t\t<\/div>\n\t\t\t\t<div class=\"elementor-element elementor-element-813bc14 elementor-widget elementor-widget-author-box\" data-id=\"813bc14\" data-element_type=\"widget\" data-e-type=\"widget\" data-settings=\"{&quot;ekit_we_effect_on&quot;:&quot;none&quot;}\" data-widget_type=\"author-box.default\">\n\t\t\t\t<div class=\"elementor-widget-container\">\n\t\t\t\t\t\t\t<div class=\"elementor-author-box\">\n\t\t\t\t\t\t\t<div  class=\"elementor-author-box__avatar\">\n\t\t\t\t\t<img decoding=\"async\" src=\"https:\/\/esem.org.br\/wp-content\/uploads\/2026\/09\/lancamento-modera-brasil-esem-usp-55-200x300.jpg\" alt=\"Author picture\" loading=\"lazy\">\n\t\t\t\t<\/div>\n\t\t\t\n\t\t\t<div class=\"elementor-author-box__text\">\n\t\t\t\t\n\t\t\t\t\t\t\t\t\t<div class=\"elementor-author-box__bio\">\n\t\t\t\t\t\t<p>\u201cA Universidade pode continuar contribuindo para ajudar a transformar dados em conhecimento, conhecimento em evid\u00eancia \u00e9 evid\u00eancia em melhores pol\u00edticas de sa\u00fade\u201d, afirmou Martinelli durante o evento de lan\u00e7amento.<\/p>\n\t\t\t\t\t<\/div>\n\t\t\t\t\n\t\t\t\t\t\t\t<\/div>\n\t\t<\/div>\n\t\t\t\t\t\t<\/div>\n\t\t\t\t<\/div>\n\t\t\t\t<div class=\"elementor-element elementor-element-9f8e1e6 elementor-widget elementor-widget-text-editor\" data-id=\"9f8e1e6\" data-element_type=\"widget\" data-e-type=\"widget\" data-settings=\"{&quot;ekit_we_effect_on&quot;:&quot;none&quot;}\" data-widget_type=\"text-editor.default\">\n\t\t\t\t<div class=\"elementor-widget-container\">\n\t\t\t\t\t\t\t\t\t<p><span style=\"font-weight: 400;\">Al\u00e9m da ferramenta dispon\u00edvel no Meu SUS Digital, o programa inclui uma frente de forma\u00e7\u00e3o profissional oferecida pela ESEM-USP. O curso Modera Brasil para Preven\u00e7\u00e3o ao Consumo Problem\u00e1tico de \u00c1lcool est\u00e1 dispon\u00edvel na plataforma de ensino da ESEM-USP.<\/span><\/p><p><em><strong>As inscri\u00e7\u00f5es est\u00e3o abertas:<\/strong><\/em><a href=\"https:\/\/prceu.usp.br\/extensao\/28da8427-9e55-4030-bc76-8cdea06d23e3\"> <span style=\"font-weight: 400;\">https:\/\/prceu.usp.br\/extensao\/28da8427-9e55-4030-bc76-8cdea06d23e3<\/span><\/a><\/p><p><em><b>Mais informa\u00e7\u00f5es:<\/b><\/em> <a href=\"https:\/\/www.gov.br\/saude\/pt-br\/assuntos\/noticias-ms\/2026\/agosto\/em-novo-aplicativo-do-meu-sus-digital-populacao-podera-medir-o-seu-consumo-de-alcool-e-verificar-riscos-para-a-saude\"><span style=\"font-weight: 400;\">https:\/\/www.gov.br\/saude\/pt-br\/assuntos\/noticias-ms\/2026\/agosto\/em-novo-aplicativo-do-meu-sus-digital-populacao-podera-medir-o-seu-consumo-de-alcool-e-verificar-riscos-para-a-saude<\/span><\/a><\/p>\t\t\t\t\t\t\t\t<\/div>\n\t\t\t\t<\/div>\n\t\t\t\t\t<\/div>\n\t\t<\/div>\n\t\t\t\t\t<\/div>\n\t\t<\/section>\n\t\t\t\t<section class=\"elementor-section elementor-top-section elementor-element elementor-element-e9a47b0 elementor-section-boxed elementor-section-height-default elementor-section-height-default\" data-id=\"e9a47b0\" data-element_type=\"section\" data-e-type=\"section\" data-settings=\"{&quot;ekit_has_onepagescroll_dot&quot;:&quot;yes&quot;}\">\n\t\t\t\t\t\t<div class=\"elementor-container elementor-column-gap-default\">\n\t\t\t\t\t<div class=\"elementor-column elementor-col-100 elementor-top-column elementor-element elementor-element-a8557d8\" data-id=\"a8557d8\" data-element_type=\"column\" data-e-type=\"column\">\n\t\t\t<div class=\"elementor-widget-wrap elementor-element-populated\">\n\t\t\t\t\t\t<div class=\"elementor-element elementor-element-0cb0b0a elementor-widget elementor-widget-video\" data-id=\"0cb0b0a\" data-element_type=\"widget\" data-e-type=\"widget\" data-settings=\"{&quot;youtube_url&quot;:&quot;https:\\\/\\\/youtube.com\\\/shorts\\\/tVuDOi-t7r8&quot;,&quot;video_type&quot;:&quot;youtube&quot;,&quot;controls&quot;:&quot;yes&quot;,&quot;ekit_we_effect_on&quot;:&quot;none&quot;}\" data-widget_type=\"video.default\">\n\t\t\t\t<div class=\"elementor-widget-container\">\n\t\t\t\t\t\t\t<div class=\"elementor-wrapper elementor-open-inline\">\n\t\t\t<div class=\"elementor-video\"><\/div>\t\t<\/div>\n\t\t\t\t\t\t<\/div>\n\t\t\t\t<\/div>\n\t\t\t\t\t<\/div>\n\t\t<\/div>\n\t\t\t\t\t<\/div>\n\t\t<\/section>\n\t\t\t\t<section class=\"elementor-section elementor-top-section elementor-element elementor-element-6f747a3 elementor-section-boxed elementor-section-height-default elementor-section-height-default\" data-id=\"6f747a3\" data-element_type=\"section\" data-e-type=\"section\" data-settings=\"{&quot;ekit_has_onepagescroll_dot&quot;:&quot;yes&quot;}\">\n\t\t\t\t\t\t<div class=\"elementor-container elementor-column-gap-default\">\n\t\t\t\t\t<div class=\"elementor-column elementor-col-100 elementor-top-column elementor-element elementor-element-aa29150\" data-id=\"aa29150\" data-element_type=\"column\" data-e-type=\"column\">\n\t\t\t<div class=\"elementor-widget-wrap\">\n\t\t\t\t\t\t\t<\/div>\n\t\t<\/div>\n\t\t\t\t\t<\/div>\n\t\t<\/section>\n\t\t\t\t<\/div>","protected":false},"excerpt":{"rendered":"<p>Texto: Comunica\u00e7\u00e3o ESEM\u00a0 Facebook X-twitter Whatsapp Linkedin O Minist\u00e9rio da Sa\u00fade lan\u00e7ou, em 10 de agosto, o Modera Brasil, aplicativo de sa\u00fade digital desenvolvido em parceria com a Universidade de S\u00e3o Paulo (USP) para prevenir o consumo problem\u00e1tico de \u00e1lcool. Dispon\u00edvel no Meu SUS Digital, a ferramenta permite que usu\u00e1rios do Sistema \u00danico de Sa\u00fade [&hellip;]<\/p>\n","protected":false},"author":2,"featured_media":7073,"comment_status":"closed","ping_status":"open","sticky":false,"template":"","format":"standard","meta":{"page_builder":"","footnotes":""},"categories":[44],"tags":[48],"class_list":["post-7072","post","type-post","status-publish","format-standard","has-post-thumbnail","hentry","category-institucional","tag-segurancapublica-2"],"yoast_head":"<!-- This site is optimized with the Yoast SEO plugin v28.4 - https:\/\/yoast.com\/product\/yoast-seo-wordpress\/ -->\n<title>Minist\u00e9rio da Sa\u00fade lan\u00e7a Modera Brasil, desenvolvido em parceria com a USP para preven\u00e7\u00e3o ao consumo problem\u00e1tico de \u00e1lcool - ESEM<\/title>\n<meta name=\"description\" content=\"A Escola de Seguran\u00e7a Multidimensional (ESEM) faz parte do Instituto de Rela\u00e7\u00f5es Internacionais (IRI) da Universidade de S\u00e3o Paulo (USP).\" \/>\n<meta name=\"robots\" content=\"index, follow, max-snippet:-1, max-image-preview:large, max-video-preview:-1\" \/>\n<link rel=\"canonical\" href=\"https:\/\/esem.org.br\/en\/ministerio-da-saude-lanca-modera-brasil-desenvolvido-em-parceria-com-a-usp-para-prevencao-ao-consumo-problematico-de-alcool\/\" \/>\n<meta property=\"og:locale\" content=\"en_US\" \/>\n<meta property=\"og:type\" content=\"article\" \/>\n<meta property=\"og:title\" content=\"Minist\u00e9rio da Sa\u00fade lan\u00e7a Modera Brasil, desenvolvido em parceria com a USP para preven\u00e7\u00e3o ao consumo problem\u00e1tico de \u00e1lcool - ESEM\" \/>\n<meta property=\"og:description\" content=\"A Escola de Seguran\u00e7a Multidimensional (ESEM) faz parte do Instituto de Rela\u00e7\u00f5es Internacionais (IRI) da Universidade de S\u00e3o Paulo (USP).\" \/>\n<meta property=\"og:url\" content=\"https:\/\/esem.org.br\/en\/ministerio-da-saude-lanca-modera-brasil-desenvolvido-em-parceria-com-a-usp-para-prevencao-ao-consumo-problematico-de-alcool\/\" \/>\n<meta property=\"og:site_name\" content=\"ESEM\" \/>\n<meta property=\"article:published_time\" content=\"2026-09-02T16:04:10+00:00\" \/>\n<meta property=\"article:modified_time\" content=\"2026-09-03T01:43:05+00:00\" \/>\n<meta property=\"og:image\" content=\"https:\/\/esem.org.br\/wp-content\/uploads\/2026\/09\/Capa-Site-Press-Release-Lancamento-Modera-Brasil.jpg\" \/>\n\t<meta property=\"og:image:width\" content=\"1080\" \/>\n\t<meta property=\"og:image:height\" content=\"1350\" \/>\n\t<meta property=\"og:image:type\" content=\"image\/jpeg\" \/>\n<meta name=\"author\" content=\"esem\" \/>\n<meta name=\"twitter:card\" content=\"summary_large_image\" \/>\n<meta name=\"twitter:label1\" content=\"Written by\" \/>\n\t<meta name=\"twitter:data1\" content=\"esem\" \/>\n\t<meta name=\"twitter:label2\" content=\"Est. reading time\" \/>\n\t<meta name=\"twitter:data2\" content=\"2 minutes\" \/>\n<script type=\"application\/ld+json\" class=\"yoast-schema-graph\">{\"@context\":\"https:\\\/\\\/schema.org\",\"@graph\":[{\"@type\":\"Article\",\"@id\":\"https:\\\/\\\/esem.org.br\\\/ministerio-da-saude-lanca-modera-brasil-desenvolvido-em-parceria-com-a-usp-para-prevencao-ao-consumo-problematico-de-alcool\\\/#article\",\"isPartOf\":{\"@id\":\"https:\\\/\\\/esem.org.br\\\/ministerio-da-saude-lanca-modera-brasil-desenvolvido-em-parceria-com-a-usp-para-prevencao-ao-consumo-problematico-de-alcool\\\/\"},\"author\":{\"name\":\"esem\",\"@id\":\"https:\\\/\\\/esem.org.br\\\/pt\\\/#\\\/schema\\\/person\\\/3b4d74c38b6777eeeb8b4234ba1e4738\"},\"headline\":\"Minist\u00e9rio da Sa\u00fade lan\u00e7a Modera Brasil, desenvolvido em parceria com a USP para preven\u00e7\u00e3o ao consumo problem\u00e1tico de \u00e1lcool\",\"datePublished\":\"2026-09-02T16:04:10+00:00\",\"dateModified\":\"2026-09-03T01:43:05+00:00\",\"mainEntityOfPage\":{\"@id\":\"https:\\\/\\\/esem.org.br\\\/ministerio-da-saude-lanca-modera-brasil-desenvolvido-em-parceria-com-a-usp-para-prevencao-ao-consumo-problematico-de-alcool\\\/\"},\"wordCount\":376,\"publisher\":{\"@id\":\"https:\\\/\\\/esem.org.br\\\/pt\\\/#organization\"},\"image\":{\"@id\":\"https:\\\/\\\/esem.org.br\\\/ministerio-da-saude-lanca-modera-brasil-desenvolvido-em-parceria-com-a-usp-para-prevencao-ao-consumo-problematico-de-alcool\\\/#primaryimage\"},\"thumbnailUrl\":\"https:\\\/\\\/esem.org.br\\\/wp-content\\\/uploads\\\/2026\\\/09\\\/Capa-Site-Press-Release-Lancamento-Modera-Brasil.jpg\",\"keywords\":[\"segurancapublica\"],\"articleSection\":[\"Institucional\"],\"inLanguage\":\"en-US\"},{\"@type\":\"WebPage\",\"@id\":\"https:\\\/\\\/esem.org.br\\\/ministerio-da-saude-lanca-modera-brasil-desenvolvido-em-parceria-com-a-usp-para-prevencao-ao-consumo-problematico-de-alcool\\\/\",\"url\":\"https:\\\/\\\/esem.org.br\\\/ministerio-da-saude-lanca-modera-brasil-desenvolvido-em-parceria-com-a-usp-para-prevencao-ao-consumo-problematico-de-alcool\\\/\",\"name\":\"Minist\u00e9rio da Sa\u00fade lan\u00e7a Modera Brasil, desenvolvido em parceria com a USP para preven\u00e7\u00e3o ao consumo problem\u00e1tico de \u00e1lcool - ESEM\",\"isPartOf\":{\"@id\":\"https:\\\/\\\/esem.org.br\\\/pt\\\/#website\"},\"primaryImageOfPage\":{\"@id\":\"https:\\\/\\\/esem.org.br\\\/ministerio-da-saude-lanca-modera-brasil-desenvolvido-em-parceria-com-a-usp-para-prevencao-ao-consumo-problematico-de-alcool\\\/#primaryimage\"},\"image\":{\"@id\":\"https:\\\/\\\/esem.org.br\\\/ministerio-da-saude-lanca-modera-brasil-desenvolvido-em-parceria-com-a-usp-para-prevencao-ao-consumo-problematico-de-alcool\\\/#primaryimage\"},\"thumbnailUrl\":\"https:\\\/\\\/esem.org.br\\\/wp-content\\\/uploads\\\/2026\\\/09\\\/Capa-Site-Press-Release-Lancamento-Modera-Brasil.jpg\",\"datePublished\":\"2026-09-02T16:04:10+00:00\",\"dateModified\":\"2026-09-03T01:43:05+00:00\",\"description\":\"A Escola de Seguran\u00e7a Multidimensional (ESEM) faz parte do Instituto de Rela\u00e7\u00f5es Internacionais (IRI) da Universidade de S\u00e3o Paulo (USP).\",\"breadcrumb\":{\"@id\":\"https:\\\/\\\/esem.org.br\\\/ministerio-da-saude-lanca-modera-brasil-desenvolvido-em-parceria-com-a-usp-para-prevencao-ao-consumo-problematico-de-alcool\\\/#breadcrumb\"},\"inLanguage\":\"en-US\",\"potentialAction\":[{\"@type\":\"ReadAction\",\"target\":[\"https:\\\/\\\/esem.org.br\\\/ministerio-da-saude-lanca-modera-brasil-desenvolvido-em-parceria-com-a-usp-para-prevencao-ao-consumo-problematico-de-alcool\\\/\"]}]},{\"@type\":\"ImageObject\",\"inLanguage\":\"en-US\",\"@id\":\"https:\\\/\\\/esem.org.br\\\/ministerio-da-saude-lanca-modera-brasil-desenvolvido-em-parceria-com-a-usp-para-prevencao-ao-consumo-problematico-de-alcool\\\/#primaryimage\",\"url\":\"https:\\\/\\\/esem.org.br\\\/wp-content\\\/uploads\\\/2026\\\/09\\\/Capa-Site-Press-Release-Lancamento-Modera-Brasil.jpg\",\"contentUrl\":\"https:\\\/\\\/esem.org.br\\\/wp-content\\\/uploads\\\/2026\\\/09\\\/Capa-Site-Press-Release-Lancamento-Modera-Brasil.jpg\",\"width\":1080,\"height\":1350},{\"@type\":\"BreadcrumbList\",\"@id\":\"https:\\\/\\\/esem.org.br\\\/ministerio-da-saude-lanca-modera-brasil-desenvolvido-em-parceria-com-a-usp-para-prevencao-ao-consumo-problematico-de-alcool\\\/#breadcrumb\",\"itemListElement\":[{\"@type\":\"ListItem\",\"position\":1,\"name\":\"In\u00edcio\",\"item\":\"https:\\\/\\\/esem.org.br\\\/\"},{\"@type\":\"ListItem\",\"position\":2,\"name\":\"Minist\u00e9rio da Sa\u00fade lan\u00e7a Modera Brasil, desenvolvido em parceria com a USP para preven\u00e7\u00e3o ao consumo problem\u00e1tico de \u00e1lcool\"}]},{\"@type\":\"WebSite\",\"@id\":\"https:\\\/\\\/esem.org.br\\\/pt\\\/#website\",\"url\":\"https:\\\/\\\/esem.org.br\\\/pt\\\/\",\"name\":\"ESEM Escola de Seguran\u00e7a Multidimensional\",\"description\":\"Escola de Seguran\u00e7a Multidimensional\",\"publisher\":{\"@id\":\"https:\\\/\\\/esem.org.br\\\/pt\\\/#organization\"},\"potentialAction\":[{\"@type\":\"SearchAction\",\"target\":{\"@type\":\"EntryPoint\",\"urlTemplate\":\"https:\\\/\\\/esem.org.br\\\/pt\\\/?s={search_term_string}\"},\"query-input\":{\"@type\":\"PropertyValueSpecification\",\"valueRequired\":true,\"valueName\":\"search_term_string\"}}],\"inLanguage\":\"en-US\"},{\"@type\":\"Organization\",\"@id\":\"https:\\\/\\\/esem.org.br\\\/pt\\\/#organization\",\"name\":\"ESEM Escola de Seguran\u00e7a Multidimensional\",\"url\":\"https:\\\/\\\/esem.org.br\\\/pt\\\/\",\"logo\":{\"@type\":\"ImageObject\",\"inLanguage\":\"en-US\",\"@id\":\"https:\\\/\\\/esem.org.br\\\/pt\\\/#\\\/schema\\\/logo\\\/image\\\/\",\"url\":\"https:\\\/\\\/esem.org.br\\\/wp-content\\\/uploads\\\/2022\\\/09\\\/Copia-de-WhatsApp-Image-2021-05-24-at-17.04.17-e1663853541820.jpeg\",\"contentUrl\":\"https:\\\/\\\/esem.org.br\\\/wp-content\\\/uploads\\\/2022\\\/09\\\/Copia-de-WhatsApp-Image-2021-05-24-at-17.04.17-e1663853541820.jpeg\",\"width\":739,\"height\":966,\"caption\":\"ESEM Escola de Seguran\u00e7a Multidimensional\"},\"image\":{\"@id\":\"https:\\\/\\\/esem.org.br\\\/pt\\\/#\\\/schema\\\/logo\\\/image\\\/\"}},{\"@type\":\"Person\",\"@id\":\"https:\\\/\\\/esem.org.br\\\/pt\\\/#\\\/schema\\\/person\\\/3b4d74c38b6777eeeb8b4234ba1e4738\",\"name\":\"esem\",\"image\":{\"@type\":\"ImageObject\",\"inLanguage\":\"en-US\",\"@id\":\"https:\\\/\\\/secure.gravatar.com\\\/avatar\\\/d3e3b5b1d76cfcb32f8d51da8cecb957dbe625a90985eba04d0e9708bad09ba2?s=96&d=mm&r=g\",\"url\":\"https:\\\/\\\/secure.gravatar.com\\\/avatar\\\/d3e3b5b1d76cfcb32f8d51da8cecb957dbe625a90985eba04d0e9708bad09ba2?s=96&d=mm&r=g\",\"contentUrl\":\"https:\\\/\\\/secure.gravatar.com\\\/avatar\\\/d3e3b5b1d76cfcb32f8d51da8cecb957dbe625a90985eba04d0e9708bad09ba2?s=96&d=mm&r=g\",\"caption\":\"esem\"},\"url\":\"https:\\\/\\\/esem.org.br\\\/en\\\/author\\\/esem\\\/\"}]}<\/script>\n<!-- \/ Yoast SEO plugin. -->","yoast_head_json":{"title":"Minist\u00e9rio da Sa\u00fade lan\u00e7a Modera Brasil, desenvolvido em parceria com a USP para preven\u00e7\u00e3o ao consumo problem\u00e1tico de \u00e1lcool - ESEM","description":"The School of Multidimensional Security (ESEM) is part of the Institute of International Relations (IRI) of the University of S\u00e3o Paulo (USP).","robots":{"index":"index","follow":"follow","max-snippet":"max-snippet:-1","max-image-preview":"max-image-preview:large","max-video-preview":"max-video-preview:-1"},"canonical":"https:\/\/esem.org.br\/en\/ministerio-da-saude-lanca-modera-brasil-desenvolvido-em-parceria-com-a-usp-para-prevencao-ao-consumo-problematico-de-alcool\/","og_locale":"en_US","og_type":"article","og_title":"Minist\u00e9rio da Sa\u00fade lan\u00e7a Modera Brasil, desenvolvido em parceria com a USP para preven\u00e7\u00e3o ao consumo problem\u00e1tico de \u00e1lcool - ESEM","og_description":"A Escola de Seguran\u00e7a Multidimensional (ESEM) faz parte do Instituto de Rela\u00e7\u00f5es Internacionais (IRI) da Universidade de S\u00e3o Paulo (USP).","og_url":"https:\/\/esem.org.br\/en\/ministerio-da-saude-lanca-modera-brasil-desenvolvido-em-parceria-com-a-usp-para-prevencao-ao-consumo-problematico-de-alcool\/","og_site_name":"ESEM","article_published_time":"2026-09-02T16:04:10+00:00","article_modified_time":"2026-09-03T01:43:05+00:00","og_image":[{"width":1080,"height":1350,"url":"https:\/\/esem.org.br\/wp-content\/uploads\/2026\/09\/Capa-Site-Press-Release-Lancamento-Modera-Brasil.jpg","type":"image\/jpeg"}],"author":"esem","twitter_card":"summary_large_image","twitter_misc":{"Written by":"esem","Est. reading time":"2 minutes"},"schema":{"@context":"https:\/\/schema.org","@graph":[{"@type":"Article","@id":"https:\/\/esem.org.br\/ministerio-da-saude-lanca-modera-brasil-desenvolvido-em-parceria-com-a-usp-para-prevencao-ao-consumo-problematico-de-alcool\/#article","isPartOf":{"@id":"https:\/\/esem.org.br\/ministerio-da-saude-lanca-modera-brasil-desenvolvido-em-parceria-com-a-usp-para-prevencao-ao-consumo-problematico-de-alcool\/"},"author":{"name":"esem","@id":"https:\/\/esem.org.br\/pt\/#\/schema\/person\/3b4d74c38b6777eeeb8b4234ba1e4738"},"headline":"Minist\u00e9rio da Sa\u00fade lan\u00e7a Modera Brasil, desenvolvido em parceria com a USP para preven\u00e7\u00e3o ao consumo problem\u00e1tico de \u00e1lcool","datePublished":"2026-09-02T16:04:10+00:00","dateModified":"2026-09-03T01:43:05+00:00","mainEntityOfPage":{"@id":"https:\/\/esem.org.br\/ministerio-da-saude-lanca-modera-brasil-desenvolvido-em-parceria-com-a-usp-para-prevencao-ao-consumo-problematico-de-alcool\/"},"wordCount":376,"publisher":{"@id":"https:\/\/esem.org.br\/pt\/#organization"},"image":{"@id":"https:\/\/esem.org.br\/ministerio-da-saude-lanca-modera-brasil-desenvolvido-em-parceria-com-a-usp-para-prevencao-ao-consumo-problematico-de-alcool\/#primaryimage"},"thumbnailUrl":"https:\/\/esem.org.br\/wp-content\/uploads\/2026\/09\/Capa-Site-Press-Release-Lancamento-Modera-Brasil.jpg","keywords":["segurancapublica"],"articleSection":["Institucional"],"inLanguage":"en-US"},{"@type":"WebPage","@id":"https:\/\/esem.org.br\/ministerio-da-saude-lanca-modera-brasil-desenvolvido-em-parceria-com-a-usp-para-prevencao-ao-consumo-problematico-de-alcool\/","url":"https:\/\/esem.org.br\/ministerio-da-saude-lanca-modera-brasil-desenvolvido-em-parceria-com-a-usp-para-prevencao-ao-consumo-problematico-de-alcool\/","name":"Minist\u00e9rio da Sa\u00fade lan\u00e7a Modera Brasil, desenvolvido em parceria com a USP para preven\u00e7\u00e3o ao consumo problem\u00e1tico de \u00e1lcool - ESEM","isPartOf":{"@id":"https:\/\/esem.org.br\/pt\/#website"},"primaryImageOfPage":{"@id":"https:\/\/esem.org.br\/ministerio-da-saude-lanca-modera-brasil-desenvolvido-em-parceria-com-a-usp-para-prevencao-ao-consumo-problematico-de-alcool\/#primaryimage"},"image":{"@id":"https:\/\/esem.org.br\/ministerio-da-saude-lanca-modera-brasil-desenvolvido-em-parceria-com-a-usp-para-prevencao-ao-consumo-problematico-de-alcool\/#primaryimage"},"thumbnailUrl":"https:\/\/esem.org.br\/wp-content\/uploads\/2026\/09\/Capa-Site-Press-Release-Lancamento-Modera-Brasil.jpg","datePublished":"2026-09-02T16:04:10+00:00","dateModified":"2026-09-03T01:43:05+00:00","description":"The School of Multidimensional Security (ESEM) is part of the Institute of International Relations (IRI) of the University of S\u00e3o Paulo (USP).","breadcrumb":{"@id":"https:\/\/esem.org.br\/ministerio-da-saude-lanca-modera-brasil-desenvolvido-em-parceria-com-a-usp-para-prevencao-ao-consumo-problematico-de-alcool\/#breadcrumb"},"inLanguage":"en-US","potentialAction":[{"@type":"ReadAction","target":["https:\/\/esem.org.br\/ministerio-da-saude-lanca-modera-brasil-desenvolvido-em-parceria-com-a-usp-para-prevencao-ao-consumo-problematico-de-alcool\/"]}]},{"@type":"ImageObject","inLanguage":"en-US","@id":"https:\/\/esem.org.br\/ministerio-da-saude-lanca-modera-brasil-desenvolvido-em-parceria-com-a-usp-para-prevencao-ao-consumo-problematico-de-alcool\/#primaryimage","url":"https:\/\/esem.org.br\/wp-content\/uploads\/2026\/09\/Capa-Site-Press-Release-Lancamento-Modera-Brasil.jpg","contentUrl":"https:\/\/esem.org.br\/wp-content\/uploads\/2026\/09\/Capa-Site-Press-Release-Lancamento-Modera-Brasil.jpg","width":1080,"height":1350},{"@type":"BreadcrumbList","@id":"https:\/\/esem.org.br\/ministerio-da-saude-lanca-modera-brasil-desenvolvido-em-parceria-com-a-usp-para-prevencao-ao-consumo-problematico-de-alcool\/#breadcrumb","itemListElement":[{"@type":"ListItem","position":1,"name":"In\u00edcio","item":"https:\/\/esem.org.br\/"},{"@type":"ListItem","position":2,"name":"Minist\u00e9rio da Sa\u00fade lan\u00e7a Modera Brasil, desenvolvido em parceria com a USP para preven\u00e7\u00e3o ao consumo problem\u00e1tico de \u00e1lcool"}]},{"@type":"WebSite","@id":"https:\/\/esem.org.br\/pt\/#website","url":"https:\/\/esem.org.br\/pt\/","name":"ESEM Escola de Seguran\u00e7a Multidimensional","description":"School of Multidimensional Security","publisher":{"@id":"https:\/\/esem.org.br\/pt\/#organization"},"potentialAction":[{"@type":"SearchAction","target":{"@type":"EntryPoint","urlTemplate":"https:\/\/esem.org.br\/pt\/?s={search_term_string}"},"query-input":{"@type":"PropertyValueSpecification","valueRequired":true,"valueName":"search_term_string"}}],"inLanguage":"en-US"},{"@type":"Organization","@id":"https:\/\/esem.org.br\/pt\/#organization","name":"ESEM Escola de Seguran\u00e7a Multidimensional","url":"https:\/\/esem.org.br\/pt\/","logo":{"@type":"ImageObject","inLanguage":"en-US","@id":"https:\/\/esem.org.br\/pt\/#\/schema\/logo\/image\/","url":"https:\/\/esem.org.br\/wp-content\/uploads\/2022\/09\/Copia-de-WhatsApp-Image-2021-05-24-at-17.04.17-e1663853541820.jpeg","contentUrl":"https:\/\/esem.org.br\/wp-content\/uploads\/2022\/09\/Copia-de-WhatsApp-Image-2021-05-24-at-17.04.17-e1663853541820.jpeg","width":739,"height":966,"caption":"ESEM Escola de Seguran\u00e7a Multidimensional"},"image":{"@id":"https:\/\/esem.org.br\/pt\/#\/schema\/logo\/image\/"}},{"@type":"Person","@id":"https:\/\/esem.org.br\/pt\/#\/schema\/person\/3b4d74c38b6777eeeb8b4234ba1e4738","name":"esem","image":{"@type":"ImageObject","inLanguage":"en-US","@id":"https:\/\/secure.gravatar.com\/avatar\/d3e3b5b1d76cfcb32f8d51da8cecb957dbe625a90985eba04d0e9708bad09ba2?s=96&d=mm&r=g","url":"https:\/\/secure.gravatar.com\/avatar\/d3e3b5b1d76cfcb32f8d51da8cecb957dbe625a90985eba04d0e9708bad09ba2?s=96&d=mm&r=g","contentUrl":"https:\/\/secure.gravatar.com\/avatar\/d3e3b5b1d76cfcb32f8d51da8cecb957dbe625a90985eba04d0e9708bad09ba2?s=96&d=mm&r=g","caption":"esem"},"url":"https:\/\/esem.org.br\/en\/author\/esem\/"}]}},"_links":{"self":[{"href":"https:\/\/esem.org.br\/en\/wp-json\/wp\/v2\/posts\/7072","targetHints":{"allow":["GET"]}}],"collection":[{"href":"https:\/\/esem.org.br\/en\/wp-json\/wp\/v2\/posts"}],"about":[{"href":"https:\/\/esem.org.br\/en\/wp-json\/wp\/v2\/types\/post"}],"author":[{"embeddable":true,"href":"https:\/\/esem.org.br\/en\/wp-json\/wp\/v2\/users\/2"}],"replies":[{"embeddable":true,"href":"https:\/\/esem.org.br\/en\/wp-json\/wp\/v2\/comments?post=7072"}],"version-history":[{"count":76,"href":"https:\/\/esem.org.br\/en\/wp-json\/wp\/v2\/posts\/7072\/revisions"}],"predecessor-version":[{"id":7161,"href":"https:\/\/esem.org.br\/en\/wp-json\/wp\/v2\/posts\/7072\/revisions\/7161"}],"wp:featuredmedia":[{"embeddable":true,"href":"https:\/\/esem.org.br\/en\/wp-json\/wp\/v2\/media\/7073"}],"wp:attachment":[{"href":"https:\/\/esem.org.br\/en\/wp-json\/wp\/v2\/media?parent=7072"}],"wp:term":[{"taxonomy":"category","embeddable":true,"href":"https:\/\/esem.org.br\/en\/wp-json\/wp\/v2\/categories?post=7072"},{"taxonomy":"post_tag","embeddable":true,"href":"https:\/\/esem.org.br\/en\/wp-json\/wp\/v2\/tags?post=7072"}],"curies":[{"name":"wp","href":"https:\/\/api.w.org\/{rel}","templated":true}]}}