{"id":1404,"date":"2023-04-10T11:36:28","date_gmt":"2023-04-10T14:36:28","guid":{"rendered":"https:\/\/esem.org.br\/?p=1404"},"modified":"2023-05-19T12:48:08","modified_gmt":"2023-05-19T15:48:08","slug":"workshop-internacional-cooperacao-regional-e-coordenacao-interinstitucional-ferramentas-para-a-resposta-ao-crime-organizado","status":"publish","type":"post","link":"https:\/\/esem.org.br\/es\/workshop-internacional-cooperacao-regional-e-coordenacao-interinstitucional-ferramentas-para-a-resposta-ao-crime-organizado\/","title":{"rendered":"Workshop Internacional \u201cCoopera\u00e7\u00e3o Regional e Coordena\u00e7\u00e3o Interinstitucional: Ferramentas para a Resposta ao Crime Organizado\u201d"},"content":{"rendered":"<div data-elementor-type=\"wp-post\" data-elementor-id=\"1404\" class=\"elementor elementor-1404\" data-elementor-post-type=\"post\">\n\t\t\t\t\t\t<section class=\"elementor-section elementor-top-section elementor-element elementor-element-92a01b2 elementor-section-boxed elementor-section-height-default elementor-section-height-default\" data-id=\"92a01b2\" data-element_type=\"section\" data-e-type=\"section\" data-settings=\"{&quot;ekit_has_onepagescroll_dot&quot;:&quot;yes&quot;}\">\n\t\t\t\t\t\t<div class=\"elementor-container elementor-column-gap-default\">\n\t\t\t\t\t<div class=\"elementor-column elementor-col-100 elementor-top-column elementor-element elementor-element-2ddc252\" data-id=\"2ddc252\" data-element_type=\"column\" data-e-type=\"column\">\n\t\t\t<div class=\"elementor-widget-wrap elementor-element-populated\">\n\t\t\t\t\t\t<div class=\"elementor-element elementor-element-fb2103d elementor-widget elementor-widget-heading\" data-id=\"fb2103d\" data-element_type=\"widget\" data-e-type=\"widget\" data-settings=\"{&quot;ekit_we_effect_on&quot;:&quot;none&quot;}\" data-widget_type=\"heading.default\">\n\t\t\t\t<div class=\"elementor-widget-container\">\n\t\t\t\t\t<h2 class=\"elementor-heading-title elementor-size-default\">Evento: Workshop Internacional \u201cCoopera\u00e7\u00e3o Regional e Coordena\u00e7\u00e3o Interinstitucional: Ferramentas para a Resposta ao Crime Organizado\"\n<\/h2>\t\t\t\t<\/div>\n\t\t\t\t<\/div>\n\t\t\t\t<div class=\"elementor-element elementor-element-a39d332 elementor-widget elementor-widget-text-editor\" data-id=\"a39d332\" data-element_type=\"widget\" data-e-type=\"widget\" data-settings=\"{&quot;ekit_we_effect_on&quot;:&quot;none&quot;}\" data-widget_type=\"text-editor.default\">\n\t\t\t\t<div class=\"elementor-widget-container\">\n\t\t\t\t\t\t\t\t\t<div class=\"elementor-post__excerpt\"><p>Nos dias 27 e 28 de mar\u00e7o de 2023 foi realizado em Bras\u00edlia, pelo Escrit\u00f3rio das Na\u00e7\u00f5es Unidas sobre Drogas e Crime (UNODC), o Workshop Internacional \u201cCoopera\u00e7\u00e3o Regional e Coordena\u00e7\u00e3o Interinstitucional: Ferramentas para a Resposta ao Crime Organizado\u201d.<\/p><p>O Workshop visou o compartilhamento de experi\u00eancias brasileiras exitosas em mat\u00e9ria de coordena\u00e7\u00e3o interinstitucional para resposta \u00e0s fac\u00e7\u00f5es criminosas; e a contribui\u00e7\u00e3o para o fortalecimento da coopera\u00e7\u00e3o entre Brasil e Paraguai no enfrentamento \u00e0 atua\u00e7\u00e3o destes grupos no sistema penitenci\u00e1rio, considerando, ainda, os impactos de sua atua\u00e7\u00e3o para al\u00e9m dos estabelecimentos prisionais.<\/p><p>O evento teve o objetivo de contribuir para o fortalecimento da coopera\u00e7\u00e3o entre Brasil e Paraguai no enfrentamento \u00e0 atua\u00e7\u00e3o do crime organizado no sistema penitenci\u00e1rio.<\/p><p>Neste sentido, os debates se dedicaram principalmente \u00e0 discuss\u00e3o sobre\u00a0<b>avan\u00e7os<\/b>,\u00a0<b>desafios<\/b>\u00a0e\u00a0<b>necessidades<\/b>\u00a0de f<b>ortalecimento da coopera\u00e7\u00e3o<\/b>\u00a0entre o Brasil e o Paraguai para a resposta \u00e0 atua\u00e7\u00e3o das fac\u00e7\u00f5es criminosas nas pris\u00f5es.<\/p><p>O membro do Conselho da ESEM-USP,\u00a0<b>Dr. F\u00e1bio Ramazzini Bechara,\u00a0<\/b>foi uma das autoridades convidadas, as quais se reuniram para apresenta\u00e7\u00f5es sobre boas pr\u00e1ticas de coopera\u00e7\u00e3o interinstitucional levadas a cabo por institui\u00e7\u00f5es brasileiras e exemplos concretos de coopera\u00e7\u00e3o entre institui\u00e7\u00f5es brasileiras e paraguaias, al\u00e9m de discuss\u00f5es em grupo.\u00a0<\/p><p>O Workshop fez parte do<b>\u00a0projeto PRIS-COOP<\/b>\u00a0(Crime Organizado nos Pres\u00eddios e Tr\u00e1fico de Drogas em Perspectiva Regional)\u00a0\u00a0implementado pelo UNODC com apoio do Bureau of International Law Enforcement and Narcotics (INL) do Departamento de Estado dos Estados Unidos<\/p><p>O Projeto tem como objetivos:<\/p><p>(i) Promover a ado\u00e7\u00e3o, no Brasil e no Paraguai, de pr\u00e1ticas inovadoras e interinstitucionais para uma melhor resposta \u00e0 atua\u00e7\u00e3o das fac\u00e7\u00f5es criminosas, notadamente no sistema penitenci\u00e1rio<\/p><p>(ii) Fortalecer a coopera\u00e7\u00e3o entre Brasil, Peru e Col\u00f4mbia no enfrentamento ao tr\u00e1fico de drogas na regi\u00e3o amaz\u00f4nica.<\/p><p>(iii) Cooperar com as autoridades brasileiras e facilitar o interc\u00e2mbio de experi\u00eancias em mat\u00e9ria de gest\u00e3o prisional, apoiando o governo federal e os estados para o fortalecimento das medidas contra a atua\u00e7\u00e3o das fac\u00e7\u00f5es criminosas<\/p><p>(iv) Facilitar a ado\u00e7\u00e3o de uma estrat\u00e9gia transnacional e coordenada, incentivando a implementa\u00e7\u00e3o de boas pr\u00e1ticas de gest\u00e3o penitenci\u00e1ria e coopera\u00e7\u00e3o interinstitucional no Paraguai e, ainda, promovendo a coopera\u00e7\u00e3o entre as ag\u00eancias de aplica\u00e7\u00e3o da lei dos dois pa\u00edses.<\/p><p><em>Fonte: Nota Conceitual UNODC e PRIS-COOP<\/em><\/p><\/div>\t\t\t\t\t\t\t\t<\/div>\n\t\t\t\t<\/div>\n\t\t\t\t\t<\/div>\n\t\t<\/div>\n\t\t\t\t\t<\/div>\n\t\t<\/section>\n\t\t\t\t<\/div>","protected":false},"excerpt":{"rendered":"<p>Evento: Workshop Internacional \u201cCoopera\u00e7\u00e3o Regional e Coordena\u00e7\u00e3o Interinstitucional: Ferramentas para a Resposta ao Crime Organizado&#8221; Nos dias 27 e 28 de mar\u00e7o de 2023 foi realizado em Bras\u00edlia, pelo Escrit\u00f3rio das Na\u00e7\u00f5es Unidas sobre Drogas e Crime (UNODC), o Workshop Internacional \u201cCoopera\u00e7\u00e3o Regional e Coordena\u00e7\u00e3o Interinstitucional: Ferramentas para a Resposta ao Crime Organizado\u201d. O Workshop [&hellip;]<\/p>\n","protected":false},"author":1,"featured_media":1405,"comment_status":"closed","ping_status":"open","sticky":false,"template":"","format":"standard","meta":{"footnotes":""},"categories":[9],"tags":[],"class_list":["post-1404","post","type-post","status-publish","format-standard","has-post-thumbnail","hentry","category-noticias"],"yoast_head":"<!-- This site is optimized with the Yoast SEO plugin v27.4 - https:\/\/yoast.com\/product\/yoast-seo-wordpress\/ -->\n<title>Workshop Internacional \u201cCoopera\u00e7\u00e3o Regional e Coordena\u00e7\u00e3o Interinstitucional: Ferramentas para a Resposta ao Crime Organizado\u201d - ESEM<\/title>\n<meta name=\"description\" content=\"A Escola de Seguran\u00e7a Multidimensional (ESEM) faz parte do Instituto de Rela\u00e7\u00f5es Internacionais (IRI) da Universidade de S\u00e3o Paulo (USP).\" \/>\n<meta name=\"robots\" content=\"index, follow, max-snippet:-1, max-image-preview:large, max-video-preview:-1\" \/>\n<link rel=\"canonical\" href=\"https:\/\/esem.org.br\/es\/workshop-internacional-cooperacao-regional-e-coordenacao-interinstitucional-ferramentas-para-a-resposta-ao-crime-organizado\/\" \/>\n<meta property=\"og:locale\" content=\"es_ES\" \/>\n<meta property=\"og:type\" content=\"article\" \/>\n<meta property=\"og:title\" content=\"Workshop Internacional \u201cCoopera\u00e7\u00e3o Regional e Coordena\u00e7\u00e3o Interinstitucional: Ferramentas para a Resposta ao Crime Organizado\u201d - ESEM\" \/>\n<meta property=\"og:description\" content=\"A Escola de Seguran\u00e7a Multidimensional (ESEM) faz parte do Instituto de Rela\u00e7\u00f5es Internacionais (IRI) da Universidade de S\u00e3o Paulo (USP).\" \/>\n<meta property=\"og:url\" content=\"https:\/\/esem.org.br\/es\/workshop-internacional-cooperacao-regional-e-coordenacao-interinstitucional-ferramentas-para-a-resposta-ao-crime-organizado\/\" \/>\n<meta property=\"og:site_name\" content=\"ESEM\" \/>\n<meta property=\"article:published_time\" content=\"2023-04-10T14:36:28+00:00\" \/>\n<meta property=\"article:modified_time\" content=\"2023-05-19T15:48:08+00:00\" \/>\n<meta property=\"og:image\" content=\"https:\/\/esem.org.br\/wp-content\/uploads\/2023\/05\/noticia2.jpg\" \/>\n\t<meta property=\"og:image:width\" content=\"1536\" \/>\n\t<meta property=\"og:image:height\" content=\"990\" \/>\n\t<meta property=\"og:image:type\" content=\"image\/jpeg\" \/>\n<meta name=\"author\" content=\"admin\" \/>\n<meta name=\"twitter:card\" content=\"summary_large_image\" \/>\n<meta name=\"twitter:label1\" content=\"Escrito por\" \/>\n\t<meta name=\"twitter:data1\" content=\"admin\" \/>\n\t<meta name=\"twitter:label2\" content=\"Tiempo de lectura\" \/>\n\t<meta name=\"twitter:data2\" content=\"2 minutos\" \/>\n<script type=\"application\/ld+json\" class=\"yoast-schema-graph\">{\"@context\":\"https:\\\/\\\/schema.org\",\"@graph\":[{\"@type\":\"Article\",\"@id\":\"https:\\\/\\\/esem.org.br\\\/workshop-internacional-cooperacao-regional-e-coordenacao-interinstitucional-ferramentas-para-a-resposta-ao-crime-organizado\\\/#article\",\"isPartOf\":{\"@id\":\"https:\\\/\\\/esem.org.br\\\/workshop-internacional-cooperacao-regional-e-coordenacao-interinstitucional-ferramentas-para-a-resposta-ao-crime-organizado\\\/\"},\"author\":{\"name\":\"admin\",\"@id\":\"https:\\\/\\\/esem.org.br\\\/pt\\\/#\\\/schema\\\/person\\\/e205b78049d24c9f719863aaefefb174\"},\"headline\":\"Workshop Internacional \u201cCoopera\u00e7\u00e3o Regional e Coordena\u00e7\u00e3o Interinstitucional: Ferramentas para a Resposta ao Crime Organizado\u201d\",\"datePublished\":\"2023-04-10T14:36:28+00:00\",\"dateModified\":\"2023-05-19T15:48:08+00:00\",\"mainEntityOfPage\":{\"@id\":\"https:\\\/\\\/esem.org.br\\\/workshop-internacional-cooperacao-regional-e-coordenacao-interinstitucional-ferramentas-para-a-resposta-ao-crime-organizado\\\/\"},\"wordCount\":455,\"publisher\":{\"@id\":\"https:\\\/\\\/esem.org.br\\\/pt\\\/#organization\"},\"image\":{\"@id\":\"https:\\\/\\\/esem.org.br\\\/workshop-internacional-cooperacao-regional-e-coordenacao-interinstitucional-ferramentas-para-a-resposta-ao-crime-organizado\\\/#primaryimage\"},\"thumbnailUrl\":\"https:\\\/\\\/esem.org.br\\\/wp-content\\\/uploads\\\/2023\\\/05\\\/noticia2.jpg\",\"articleSection\":[\"Not\u00edcias\"],\"inLanguage\":\"es\"},{\"@type\":\"WebPage\",\"@id\":\"https:\\\/\\\/esem.org.br\\\/workshop-internacional-cooperacao-regional-e-coordenacao-interinstitucional-ferramentas-para-a-resposta-ao-crime-organizado\\\/\",\"url\":\"https:\\\/\\\/esem.org.br\\\/workshop-internacional-cooperacao-regional-e-coordenacao-interinstitucional-ferramentas-para-a-resposta-ao-crime-organizado\\\/\",\"name\":\"Workshop Internacional \u201cCoopera\u00e7\u00e3o Regional e Coordena\u00e7\u00e3o Interinstitucional: Ferramentas para a Resposta ao Crime Organizado\u201d - ESEM\",\"isPartOf\":{\"@id\":\"https:\\\/\\\/esem.org.br\\\/pt\\\/#website\"},\"primaryImageOfPage\":{\"@id\":\"https:\\\/\\\/esem.org.br\\\/workshop-internacional-cooperacao-regional-e-coordenacao-interinstitucional-ferramentas-para-a-resposta-ao-crime-organizado\\\/#primaryimage\"},\"image\":{\"@id\":\"https:\\\/\\\/esem.org.br\\\/workshop-internacional-cooperacao-regional-e-coordenacao-interinstitucional-ferramentas-para-a-resposta-ao-crime-organizado\\\/#primaryimage\"},\"thumbnailUrl\":\"https:\\\/\\\/esem.org.br\\\/wp-content\\\/uploads\\\/2023\\\/05\\\/noticia2.jpg\",\"datePublished\":\"2023-04-10T14:36:28+00:00\",\"dateModified\":\"2023-05-19T15:48:08+00:00\",\"description\":\"A Escola de Seguran\u00e7a Multidimensional (ESEM) faz parte do Instituto de Rela\u00e7\u00f5es Internacionais (IRI) da Universidade de S\u00e3o Paulo (USP).\",\"breadcrumb\":{\"@id\":\"https:\\\/\\\/esem.org.br\\\/workshop-internacional-cooperacao-regional-e-coordenacao-interinstitucional-ferramentas-para-a-resposta-ao-crime-organizado\\\/#breadcrumb\"},\"inLanguage\":\"es\",\"potentialAction\":[{\"@type\":\"ReadAction\",\"target\":[\"https:\\\/\\\/esem.org.br\\\/workshop-internacional-cooperacao-regional-e-coordenacao-interinstitucional-ferramentas-para-a-resposta-ao-crime-organizado\\\/\"]}]},{\"@type\":\"ImageObject\",\"inLanguage\":\"es\",\"@id\":\"https:\\\/\\\/esem.org.br\\\/workshop-internacional-cooperacao-regional-e-coordenacao-interinstitucional-ferramentas-para-a-resposta-ao-crime-organizado\\\/#primaryimage\",\"url\":\"https:\\\/\\\/esem.org.br\\\/wp-content\\\/uploads\\\/2023\\\/05\\\/noticia2.jpg\",\"contentUrl\":\"https:\\\/\\\/esem.org.br\\\/wp-content\\\/uploads\\\/2023\\\/05\\\/noticia2.jpg\",\"width\":1536,\"height\":990},{\"@type\":\"BreadcrumbList\",\"@id\":\"https:\\\/\\\/esem.org.br\\\/workshop-internacional-cooperacao-regional-e-coordenacao-interinstitucional-ferramentas-para-a-resposta-ao-crime-organizado\\\/#breadcrumb\",\"itemListElement\":[{\"@type\":\"ListItem\",\"position\":1,\"name\":\"In\u00edcio\",\"item\":\"https:\\\/\\\/esem.org.br\\\/\"},{\"@type\":\"ListItem\",\"position\":2,\"name\":\"Workshop Internacional \u201cCoopera\u00e7\u00e3o Regional e Coordena\u00e7\u00e3o Interinstitucional: Ferramentas para a Resposta ao Crime Organizado\u201d\"}]},{\"@type\":\"WebSite\",\"@id\":\"https:\\\/\\\/esem.org.br\\\/pt\\\/#website\",\"url\":\"https:\\\/\\\/esem.org.br\\\/pt\\\/\",\"name\":\"ESEM Escola de Seguran\u00e7a Multidimensional\",\"description\":\"Escola de Seguran\u00e7a Multidimensional\",\"publisher\":{\"@id\":\"https:\\\/\\\/esem.org.br\\\/pt\\\/#organization\"},\"potentialAction\":[{\"@type\":\"SearchAction\",\"target\":{\"@type\":\"EntryPoint\",\"urlTemplate\":\"https:\\\/\\\/esem.org.br\\\/pt\\\/?s={search_term_string}\"},\"query-input\":{\"@type\":\"PropertyValueSpecification\",\"valueRequired\":true,\"valueName\":\"search_term_string\"}}],\"inLanguage\":\"es\"},{\"@type\":\"Organization\",\"@id\":\"https:\\\/\\\/esem.org.br\\\/pt\\\/#organization\",\"name\":\"ESEM Escola de Seguran\u00e7a Multidimensional\",\"url\":\"https:\\\/\\\/esem.org.br\\\/pt\\\/\",\"logo\":{\"@type\":\"ImageObject\",\"inLanguage\":\"es\",\"@id\":\"https:\\\/\\\/esem.org.br\\\/pt\\\/#\\\/schema\\\/logo\\\/image\\\/\",\"url\":\"https:\\\/\\\/esem.org.br\\\/wp-content\\\/uploads\\\/2022\\\/09\\\/Copia-de-WhatsApp-Image-2021-05-24-at-17.04.17-e1663853541820.jpeg\",\"contentUrl\":\"https:\\\/\\\/esem.org.br\\\/wp-content\\\/uploads\\\/2022\\\/09\\\/Copia-de-WhatsApp-Image-2021-05-24-at-17.04.17-e1663853541820.jpeg\",\"width\":739,\"height\":966,\"caption\":\"ESEM Escola de Seguran\u00e7a Multidimensional\"},\"image\":{\"@id\":\"https:\\\/\\\/esem.org.br\\\/pt\\\/#\\\/schema\\\/logo\\\/image\\\/\"}},{\"@type\":\"Person\",\"@id\":\"https:\\\/\\\/esem.org.br\\\/pt\\\/#\\\/schema\\\/person\\\/e205b78049d24c9f719863aaefefb174\",\"name\":\"admin\",\"image\":{\"@type\":\"ImageObject\",\"inLanguage\":\"es\",\"@id\":\"https:\\\/\\\/secure.gravatar.com\\\/avatar\\\/0326793483408f4e835790807584e1aca258987a62f70a0b083ffd73bea4a891?s=96&d=mm&r=g\",\"url\":\"https:\\\/\\\/secure.gravatar.com\\\/avatar\\\/0326793483408f4e835790807584e1aca258987a62f70a0b083ffd73bea4a891?s=96&d=mm&r=g\",\"contentUrl\":\"https:\\\/\\\/secure.gravatar.com\\\/avatar\\\/0326793483408f4e835790807584e1aca258987a62f70a0b083ffd73bea4a891?s=96&d=mm&r=g\",\"caption\":\"admin\"},\"sameAs\":[\"https:\\\/\\\/esem.org.br\"],\"url\":\"https:\\\/\\\/esem.org.br\\\/es\\\/author\\\/admin\\\/\"}]}<\/script>\n<!-- \/ Yoast SEO plugin. -->","yoast_head_json":{"title":"Workshop Internacional \u201cCoopera\u00e7\u00e3o Regional e Coordena\u00e7\u00e3o Interinstitucional: Ferramentas para a Resposta ao Crime Organizado\u201d - ESEM","description":"La Escuela de Seguridad Multidimensional (ESEM) forma parte del Instituto de Relaciones Internacionales (IRI) de la Universidad de S\u00e3o Paulo (USP).","robots":{"index":"index","follow":"follow","max-snippet":"max-snippet:-1","max-image-preview":"max-image-preview:large","max-video-preview":"max-video-preview:-1"},"canonical":"https:\/\/esem.org.br\/es\/workshop-internacional-cooperacao-regional-e-coordenacao-interinstitucional-ferramentas-para-a-resposta-ao-crime-organizado\/","og_locale":"es_ES","og_type":"article","og_title":"Workshop Internacional \u201cCoopera\u00e7\u00e3o Regional e Coordena\u00e7\u00e3o Interinstitucional: Ferramentas para a Resposta ao Crime Organizado\u201d - ESEM","og_description":"A Escola de Seguran\u00e7a Multidimensional (ESEM) faz parte do Instituto de Rela\u00e7\u00f5es Internacionais (IRI) da Universidade de S\u00e3o Paulo (USP).","og_url":"https:\/\/esem.org.br\/es\/workshop-internacional-cooperacao-regional-e-coordenacao-interinstitucional-ferramentas-para-a-resposta-ao-crime-organizado\/","og_site_name":"ESEM","article_published_time":"2023-04-10T14:36:28+00:00","article_modified_time":"2023-05-19T15:48:08+00:00","og_image":[{"width":1536,"height":990,"url":"https:\/\/esem.org.br\/wp-content\/uploads\/2023\/05\/noticia2.jpg","type":"image\/jpeg"}],"author":"admin","twitter_card":"summary_large_image","twitter_misc":{"Escrito por":"admin","Tiempo de lectura":"2 minutos"},"schema":{"@context":"https:\/\/schema.org","@graph":[{"@type":"Article","@id":"https:\/\/esem.org.br\/workshop-internacional-cooperacao-regional-e-coordenacao-interinstitucional-ferramentas-para-a-resposta-ao-crime-organizado\/#article","isPartOf":{"@id":"https:\/\/esem.org.br\/workshop-internacional-cooperacao-regional-e-coordenacao-interinstitucional-ferramentas-para-a-resposta-ao-crime-organizado\/"},"author":{"name":"admin","@id":"https:\/\/esem.org.br\/pt\/#\/schema\/person\/e205b78049d24c9f719863aaefefb174"},"headline":"Workshop Internacional \u201cCoopera\u00e7\u00e3o Regional e Coordena\u00e7\u00e3o Interinstitucional: Ferramentas para a Resposta ao Crime Organizado\u201d","datePublished":"2023-04-10T14:36:28+00:00","dateModified":"2023-05-19T15:48:08+00:00","mainEntityOfPage":{"@id":"https:\/\/esem.org.br\/workshop-internacional-cooperacao-regional-e-coordenacao-interinstitucional-ferramentas-para-a-resposta-ao-crime-organizado\/"},"wordCount":455,"publisher":{"@id":"https:\/\/esem.org.br\/pt\/#organization"},"image":{"@id":"https:\/\/esem.org.br\/workshop-internacional-cooperacao-regional-e-coordenacao-interinstitucional-ferramentas-para-a-resposta-ao-crime-organizado\/#primaryimage"},"thumbnailUrl":"https:\/\/esem.org.br\/wp-content\/uploads\/2023\/05\/noticia2.jpg","articleSection":["Not\u00edcias"],"inLanguage":"es"},{"@type":"WebPage","@id":"https:\/\/esem.org.br\/workshop-internacional-cooperacao-regional-e-coordenacao-interinstitucional-ferramentas-para-a-resposta-ao-crime-organizado\/","url":"https:\/\/esem.org.br\/workshop-internacional-cooperacao-regional-e-coordenacao-interinstitucional-ferramentas-para-a-resposta-ao-crime-organizado\/","name":"Workshop Internacional \u201cCoopera\u00e7\u00e3o Regional e Coordena\u00e7\u00e3o Interinstitucional: Ferramentas para a Resposta ao Crime Organizado\u201d - ESEM","isPartOf":{"@id":"https:\/\/esem.org.br\/pt\/#website"},"primaryImageOfPage":{"@id":"https:\/\/esem.org.br\/workshop-internacional-cooperacao-regional-e-coordenacao-interinstitucional-ferramentas-para-a-resposta-ao-crime-organizado\/#primaryimage"},"image":{"@id":"https:\/\/esem.org.br\/workshop-internacional-cooperacao-regional-e-coordenacao-interinstitucional-ferramentas-para-a-resposta-ao-crime-organizado\/#primaryimage"},"thumbnailUrl":"https:\/\/esem.org.br\/wp-content\/uploads\/2023\/05\/noticia2.jpg","datePublished":"2023-04-10T14:36:28+00:00","dateModified":"2023-05-19T15:48:08+00:00","description":"La Escuela de Seguridad Multidimensional (ESEM) forma parte del Instituto de Relaciones Internacionales (IRI) de la Universidad de S\u00e3o Paulo (USP).","breadcrumb":{"@id":"https:\/\/esem.org.br\/workshop-internacional-cooperacao-regional-e-coordenacao-interinstitucional-ferramentas-para-a-resposta-ao-crime-organizado\/#breadcrumb"},"inLanguage":"es","potentialAction":[{"@type":"ReadAction","target":["https:\/\/esem.org.br\/workshop-internacional-cooperacao-regional-e-coordenacao-interinstitucional-ferramentas-para-a-resposta-ao-crime-organizado\/"]}]},{"@type":"ImageObject","inLanguage":"es","@id":"https:\/\/esem.org.br\/workshop-internacional-cooperacao-regional-e-coordenacao-interinstitucional-ferramentas-para-a-resposta-ao-crime-organizado\/#primaryimage","url":"https:\/\/esem.org.br\/wp-content\/uploads\/2023\/05\/noticia2.jpg","contentUrl":"https:\/\/esem.org.br\/wp-content\/uploads\/2023\/05\/noticia2.jpg","width":1536,"height":990},{"@type":"BreadcrumbList","@id":"https:\/\/esem.org.br\/workshop-internacional-cooperacao-regional-e-coordenacao-interinstitucional-ferramentas-para-a-resposta-ao-crime-organizado\/#breadcrumb","itemListElement":[{"@type":"ListItem","position":1,"name":"In\u00edcio","item":"https:\/\/esem.org.br\/"},{"@type":"ListItem","position":2,"name":"Workshop Internacional \u201cCoopera\u00e7\u00e3o Regional e Coordena\u00e7\u00e3o Interinstitucional: Ferramentas para a Resposta ao Crime Organizado\u201d"}]},{"@type":"WebSite","@id":"https:\/\/esem.org.br\/pt\/#website","url":"https:\/\/esem.org.br\/pt\/","name":"ESEM Escola de Seguran\u00e7a Multidimensional","description":"Escuela de Seguridad Multidimensional","publisher":{"@id":"https:\/\/esem.org.br\/pt\/#organization"},"potentialAction":[{"@type":"SearchAction","target":{"@type":"EntryPoint","urlTemplate":"https:\/\/esem.org.br\/pt\/?s={search_term_string}"},"query-input":{"@type":"PropertyValueSpecification","valueRequired":true,"valueName":"search_term_string"}}],"inLanguage":"es"},{"@type":"Organization","@id":"https:\/\/esem.org.br\/pt\/#organization","name":"ESEM Escola de Seguran\u00e7a Multidimensional","url":"https:\/\/esem.org.br\/pt\/","logo":{"@type":"ImageObject","inLanguage":"es","@id":"https:\/\/esem.org.br\/pt\/#\/schema\/logo\/image\/","url":"https:\/\/esem.org.br\/wp-content\/uploads\/2022\/09\/Copia-de-WhatsApp-Image-2021-05-24-at-17.04.17-e1663853541820.jpeg","contentUrl":"https:\/\/esem.org.br\/wp-content\/uploads\/2022\/09\/Copia-de-WhatsApp-Image-2021-05-24-at-17.04.17-e1663853541820.jpeg","width":739,"height":966,"caption":"ESEM Escola de Seguran\u00e7a Multidimensional"},"image":{"@id":"https:\/\/esem.org.br\/pt\/#\/schema\/logo\/image\/"}},{"@type":"Person","@id":"https:\/\/esem.org.br\/pt\/#\/schema\/person\/e205b78049d24c9f719863aaefefb174","name":"admin","image":{"@type":"ImageObject","inLanguage":"es","@id":"https:\/\/secure.gravatar.com\/avatar\/0326793483408f4e835790807584e1aca258987a62f70a0b083ffd73bea4a891?s=96&d=mm&r=g","url":"https:\/\/secure.gravatar.com\/avatar\/0326793483408f4e835790807584e1aca258987a62f70a0b083ffd73bea4a891?s=96&d=mm&r=g","contentUrl":"https:\/\/secure.gravatar.com\/avatar\/0326793483408f4e835790807584e1aca258987a62f70a0b083ffd73bea4a891?s=96&d=mm&r=g","caption":"admin"},"sameAs":["https:\/\/esem.org.br"],"url":"https:\/\/esem.org.br\/es\/author\/admin\/"}]}},"_links":{"self":[{"href":"https:\/\/esem.org.br\/es\/wp-json\/wp\/v2\/posts\/1404","targetHints":{"allow":["GET"]}}],"collection":[{"href":"https:\/\/esem.org.br\/es\/wp-json\/wp\/v2\/posts"}],"about":[{"href":"https:\/\/esem.org.br\/es\/wp-json\/wp\/v2\/types\/post"}],"author":[{"embeddable":true,"href":"https:\/\/esem.org.br\/es\/wp-json\/wp\/v2\/users\/1"}],"replies":[{"embeddable":true,"href":"https:\/\/esem.org.br\/es\/wp-json\/wp\/v2\/comments?post=1404"}],"version-history":[{"count":7,"href":"https:\/\/esem.org.br\/es\/wp-json\/wp\/v2\/posts\/1404\/revisions"}],"predecessor-version":[{"id":1439,"href":"https:\/\/esem.org.br\/es\/wp-json\/wp\/v2\/posts\/1404\/revisions\/1439"}],"wp:featuredmedia":[{"embeddable":true,"href":"https:\/\/esem.org.br\/es\/wp-json\/wp\/v2\/media\/1405"}],"wp:attachment":[{"href":"https:\/\/esem.org.br\/es\/wp-json\/wp\/v2\/media?parent=1404"}],"wp:term":[{"taxonomy":"category","embeddable":true,"href":"https:\/\/esem.org.br\/es\/wp-json\/wp\/v2\/categories?post=1404"},{"taxonomy":"post_tag","embeddable":true,"href":"https:\/\/esem.org.br\/es\/wp-json\/wp\/v2\/tags?post=1404"}],"curies":[{"name":"wp","href":"https:\/\/api.w.org\/{rel}","templated":true}]}}