{"id":455,"date":"2022-04-05T17:44:20","date_gmt":"2022-04-05T20:44:20","guid":{"rendered":"https:\/\/esem.org.br\/?p=455"},"modified":"2022-10-04T17:45:48","modified_gmt":"2022-10-04T20:45:48","slug":"assinatura-de-acordo-de-cooperacao-entre-a-ameripol-o-iri-usp-e-a-faculdade-de-direito-da-mackenzie","status":"publish","type":"post","link":"https:\/\/esem.org.br\/es\/assinatura-de-acordo-de-cooperacao-entre-a-ameripol-o-iri-usp-e-a-faculdade-de-direito-da-mackenzie\/","title":{"rendered":"Firma de ACUERDO DE COOPERACI\u00d3N entre AMERIPOL, IRI-USP y la Facultad de Derecho Mackenzie."},"content":{"rendered":"<div data-elementor-type=\"wp-post\" data-elementor-id=\"455\" class=\"elementor elementor-455\" data-elementor-post-type=\"post\">\n\t\t\t\t\t\t<section class=\"elementor-section elementor-top-section elementor-element elementor-element-05beebf elementor-section-boxed elementor-section-height-default elementor-section-height-default\" data-id=\"05beebf\" data-element_type=\"section\" data-e-type=\"section\" data-settings=\"{&quot;ekit_has_onepagescroll_dot&quot;:&quot;yes&quot;}\">\n\t\t\t\t\t\t<div class=\"elementor-container elementor-column-gap-default\">\n\t\t\t\t\t<div class=\"elementor-column elementor-col-100 elementor-top-column elementor-element elementor-element-c355149\" data-id=\"c355149\" data-element_type=\"column\" data-e-type=\"column\">\n\t\t\t<div class=\"elementor-widget-wrap elementor-element-populated\">\n\t\t\t\t\t\t<div class=\"elementor-element elementor-element-a6714e3 elementor-widget elementor-widget-text-editor\" data-id=\"a6714e3\" data-element_type=\"widget\" data-e-type=\"widget\" data-settings=\"{&quot;ekit_we_effect_on&quot;:&quot;none&quot;}\" data-widget_type=\"text-editor.default\">\n\t\t\t\t<div class=\"elementor-widget-container\">\n\t\t\t\t\t\t\t\t\t<p>Firma de ACUERDO DE COOPERACI\u00d3N entre AMERIPOL, IRI-USP y la Facultad de Derecho Mackenzie.<\/p><p>\u00a0<\/p><p>AMERIPOL fue creada en 2007 como la Comunidad Policial de las Am\u00e9ricas y tiene su sede en Bogot\u00e1, Colombia. El Acuerdo de Cooperaci\u00f3n tiene por objeto promover la cooperaci\u00f3n policial a trav\u00e9s de la formaci\u00f3n profesional en los 29 Estados miembros de AMERIPOL. Tambi\u00e9n se pretende desarrollar un ATLAS DEL SISTEMA DE JUSTICIA PENAL DE LAS AM\u00c9RICAS, un compendio que estandarice la terminolog\u00eda y las referencias legislativas e institucionales utilizadas por los Estados Miembros en relaci\u00f3n con los siguientes temas: mercados il\u00edcitos, lavado de dinero, corrupci\u00f3n y crimen organizado.<\/p><p>\u00a0<\/p><p>\u00a0Esta iniciativa surgi\u00f3 como una iniciativa de la Escuela de Seguridad Multidimensional del IRI-USP con el objetivo de promover cursos de investigaci\u00f3n y extensi\u00f3n para el \u00e1rea de seguridad p\u00fablica. La iniciativa m\u00e1s reciente de la ESEM fue el curso de Seguridad Fronteriza Multidimensional, en alianza con el Ministerio de Justicia y Seguridad P\u00fablica de Brasil, que capacit\u00f3 a cerca de 5.000 polic\u00edas de 9 pa\u00edses de la regi\u00f3n, as\u00ed como la publicaci\u00f3n del ATLAS DO SISTEMA DE JUSTI\u00c7A CRIMINAL DO MERCOSUR, publicaci\u00f3n biling\u00fce de la editorial portuguesa Almedina.<\/p>\t\t\t\t\t\t\t\t<\/div>\n\t\t\t\t<\/div>\n\t\t\t\t\t<\/div>\n\t\t<\/div>\n\t\t\t\t\t<\/div>\n\t\t<\/section>\n\t\t\t\t<\/div>","protected":false},"excerpt":{"rendered":"<p>Assinatura de ACORDO DE COOPERA\u00c7\u00c3O entre a AMERIPOL, o IRI-USP e a Faculdade de Direito da Mackenzie. \u00a0 A AMERIPOL foi criada em 2007 como a comunidade das pol\u00edcias das Am\u00e9ricas e tem sua sede em Bogot\u00e1 na Col\u00f4mbia. O Acordo de Coopera\u00e7\u00e3o tem por objeto fomentar a coopera\u00e7\u00e3o policial por meio da capacita\u00e7\u00e3o profissional [&hellip;]<\/p>\n","protected":false},"author":1,"featured_media":456,"comment_status":"closed","ping_status":"open","sticky":false,"template":"","format":"standard","meta":{"footnotes":""},"categories":[9],"tags":[],"class_list":["post-455","post","type-post","status-publish","format-standard","has-post-thumbnail","hentry","category-noticias"],"yoast_head":"<!-- This site is optimized with the Yoast SEO plugin v27.4 - https:\/\/yoast.com\/product\/yoast-seo-wordpress\/ -->\n<title>Assinatura de Acordo de Coopera\u00e7\u00e3o entre a AMERIPOL, o IRI-USP e a Faculdade de Direito da Mackenzie - ESEM<\/title>\n<meta name=\"description\" content=\"A Escola de Seguran\u00e7a Multidimensional (ESEM) faz parte do Instituto de Rela\u00e7\u00f5es Internacionais (IRI) da Universidade de S\u00e3o Paulo (USP).\" \/>\n<meta name=\"robots\" content=\"index, follow, max-snippet:-1, max-image-preview:large, max-video-preview:-1\" \/>\n<link rel=\"canonical\" href=\"https:\/\/esem.org.br\/es\/assinatura-de-acordo-de-cooperacao-entre-a-ameripol-o-iri-usp-e-a-faculdade-de-direito-da-mackenzie\/\" \/>\n<meta property=\"og:locale\" content=\"es_ES\" \/>\n<meta property=\"og:type\" content=\"article\" \/>\n<meta property=\"og:title\" content=\"Assinatura de Acordo de Coopera\u00e7\u00e3o entre a AMERIPOL, o IRI-USP e a Faculdade de Direito da Mackenzie - ESEM\" \/>\n<meta property=\"og:description\" content=\"A Escola de Seguran\u00e7a Multidimensional (ESEM) faz parte do Instituto de Rela\u00e7\u00f5es Internacionais (IRI) da Universidade de S\u00e3o Paulo (USP).\" \/>\n<meta property=\"og:url\" content=\"https:\/\/esem.org.br\/es\/assinatura-de-acordo-de-cooperacao-entre-a-ameripol-o-iri-usp-e-a-faculdade-de-direito-da-mackenzie\/\" \/>\n<meta property=\"og:site_name\" content=\"ESEM\" \/>\n<meta property=\"article:published_time\" content=\"2022-04-05T20:44:20+00:00\" \/>\n<meta property=\"article:modified_time\" content=\"2022-10-04T20:45:48+00:00\" \/>\n<meta property=\"og:image\" content=\"https:\/\/esem.org.br\/wp-content\/uploads\/2022\/10\/og_image.png\" \/>\n\t<meta property=\"og:image:width\" content=\"590\" \/>\n\t<meta property=\"og:image:height\" content=\"300\" \/>\n\t<meta property=\"og:image:type\" content=\"image\/png\" \/>\n<meta name=\"author\" content=\"admin\" \/>\n<meta name=\"twitter:card\" content=\"summary_large_image\" \/>\n<meta name=\"twitter:label1\" content=\"Escrito por\" \/>\n\t<meta name=\"twitter:data1\" content=\"admin\" \/>\n\t<meta name=\"twitter:label2\" content=\"Tiempo de lectura\" \/>\n\t<meta name=\"twitter:data2\" content=\"1 minuto\" \/>\n<script type=\"application\/ld+json\" class=\"yoast-schema-graph\">{\"@context\":\"https:\\\/\\\/schema.org\",\"@graph\":[{\"@type\":\"Article\",\"@id\":\"https:\\\/\\\/esem.org.br\\\/assinatura-de-acordo-de-cooperacao-entre-a-ameripol-o-iri-usp-e-a-faculdade-de-direito-da-mackenzie\\\/#article\",\"isPartOf\":{\"@id\":\"https:\\\/\\\/esem.org.br\\\/assinatura-de-acordo-de-cooperacao-entre-a-ameripol-o-iri-usp-e-a-faculdade-de-direito-da-mackenzie\\\/\"},\"author\":{\"name\":\"admin\",\"@id\":\"https:\\\/\\\/esem.org.br\\\/pt\\\/#\\\/schema\\\/person\\\/e205b78049d24c9f719863aaefefb174\"},\"headline\":\"Assinatura de Acordo de Coopera\u00e7\u00e3o entre a AMERIPOL, o IRI-USP e a Faculdade de Direito da Mackenzie\",\"datePublished\":\"2022-04-05T20:44:20+00:00\",\"dateModified\":\"2022-10-04T20:45:48+00:00\",\"mainEntityOfPage\":{\"@id\":\"https:\\\/\\\/esem.org.br\\\/assinatura-de-acordo-de-cooperacao-entre-a-ameripol-o-iri-usp-e-a-faculdade-de-direito-da-mackenzie\\\/\"},\"wordCount\":235,\"publisher\":{\"@id\":\"https:\\\/\\\/esem.org.br\\\/pt\\\/#organization\"},\"image\":{\"@id\":\"https:\\\/\\\/esem.org.br\\\/assinatura-de-acordo-de-cooperacao-entre-a-ameripol-o-iri-usp-e-a-faculdade-de-direito-da-mackenzie\\\/#primaryimage\"},\"thumbnailUrl\":\"https:\\\/\\\/esem.org.br\\\/wp-content\\\/uploads\\\/2022\\\/10\\\/og_image.png\",\"articleSection\":[\"Not\u00edcias\"],\"inLanguage\":\"es\"},{\"@type\":\"WebPage\",\"@id\":\"https:\\\/\\\/esem.org.br\\\/assinatura-de-acordo-de-cooperacao-entre-a-ameripol-o-iri-usp-e-a-faculdade-de-direito-da-mackenzie\\\/\",\"url\":\"https:\\\/\\\/esem.org.br\\\/assinatura-de-acordo-de-cooperacao-entre-a-ameripol-o-iri-usp-e-a-faculdade-de-direito-da-mackenzie\\\/\",\"name\":\"Assinatura de Acordo de Coopera\u00e7\u00e3o entre a AMERIPOL, o IRI-USP e a Faculdade de Direito da Mackenzie - ESEM\",\"isPartOf\":{\"@id\":\"https:\\\/\\\/esem.org.br\\\/pt\\\/#website\"},\"primaryImageOfPage\":{\"@id\":\"https:\\\/\\\/esem.org.br\\\/assinatura-de-acordo-de-cooperacao-entre-a-ameripol-o-iri-usp-e-a-faculdade-de-direito-da-mackenzie\\\/#primaryimage\"},\"image\":{\"@id\":\"https:\\\/\\\/esem.org.br\\\/assinatura-de-acordo-de-cooperacao-entre-a-ameripol-o-iri-usp-e-a-faculdade-de-direito-da-mackenzie\\\/#primaryimage\"},\"thumbnailUrl\":\"https:\\\/\\\/esem.org.br\\\/wp-content\\\/uploads\\\/2022\\\/10\\\/og_image.png\",\"datePublished\":\"2022-04-05T20:44:20+00:00\",\"dateModified\":\"2022-10-04T20:45:48+00:00\",\"description\":\"A Escola de Seguran\u00e7a Multidimensional (ESEM) faz parte do Instituto de Rela\u00e7\u00f5es Internacionais (IRI) da Universidade de S\u00e3o Paulo (USP).\",\"breadcrumb\":{\"@id\":\"https:\\\/\\\/esem.org.br\\\/assinatura-de-acordo-de-cooperacao-entre-a-ameripol-o-iri-usp-e-a-faculdade-de-direito-da-mackenzie\\\/#breadcrumb\"},\"inLanguage\":\"es\",\"potentialAction\":[{\"@type\":\"ReadAction\",\"target\":[\"https:\\\/\\\/esem.org.br\\\/assinatura-de-acordo-de-cooperacao-entre-a-ameripol-o-iri-usp-e-a-faculdade-de-direito-da-mackenzie\\\/\"]}]},{\"@type\":\"ImageObject\",\"inLanguage\":\"es\",\"@id\":\"https:\\\/\\\/esem.org.br\\\/assinatura-de-acordo-de-cooperacao-entre-a-ameripol-o-iri-usp-e-a-faculdade-de-direito-da-mackenzie\\\/#primaryimage\",\"url\":\"https:\\\/\\\/esem.org.br\\\/wp-content\\\/uploads\\\/2022\\\/10\\\/og_image.png\",\"contentUrl\":\"https:\\\/\\\/esem.org.br\\\/wp-content\\\/uploads\\\/2022\\\/10\\\/og_image.png\",\"width\":590,\"height\":300},{\"@type\":\"BreadcrumbList\",\"@id\":\"https:\\\/\\\/esem.org.br\\\/assinatura-de-acordo-de-cooperacao-entre-a-ameripol-o-iri-usp-e-a-faculdade-de-direito-da-mackenzie\\\/#breadcrumb\",\"itemListElement\":[{\"@type\":\"ListItem\",\"position\":1,\"name\":\"In\u00edcio\",\"item\":\"https:\\\/\\\/esem.org.br\\\/\"},{\"@type\":\"ListItem\",\"position\":2,\"name\":\"Assinatura de Acordo de Coopera\u00e7\u00e3o entre a AMERIPOL, o IRI-USP e a Faculdade de Direito da Mackenzie\"}]},{\"@type\":\"WebSite\",\"@id\":\"https:\\\/\\\/esem.org.br\\\/pt\\\/#website\",\"url\":\"https:\\\/\\\/esem.org.br\\\/pt\\\/\",\"name\":\"ESEM Escola de Seguran\u00e7a Multidimensional\",\"description\":\"Escola de Seguran\u00e7a Multidimensional\",\"publisher\":{\"@id\":\"https:\\\/\\\/esem.org.br\\\/pt\\\/#organization\"},\"potentialAction\":[{\"@type\":\"SearchAction\",\"target\":{\"@type\":\"EntryPoint\",\"urlTemplate\":\"https:\\\/\\\/esem.org.br\\\/pt\\\/?s={search_term_string}\"},\"query-input\":{\"@type\":\"PropertyValueSpecification\",\"valueRequired\":true,\"valueName\":\"search_term_string\"}}],\"inLanguage\":\"es\"},{\"@type\":\"Organization\",\"@id\":\"https:\\\/\\\/esem.org.br\\\/pt\\\/#organization\",\"name\":\"ESEM Escola de Seguran\u00e7a Multidimensional\",\"url\":\"https:\\\/\\\/esem.org.br\\\/pt\\\/\",\"logo\":{\"@type\":\"ImageObject\",\"inLanguage\":\"es\",\"@id\":\"https:\\\/\\\/esem.org.br\\\/pt\\\/#\\\/schema\\\/logo\\\/image\\\/\",\"url\":\"https:\\\/\\\/esem.org.br\\\/wp-content\\\/uploads\\\/2022\\\/09\\\/Copia-de-WhatsApp-Image-2021-05-24-at-17.04.17-e1663853541820.jpeg\",\"contentUrl\":\"https:\\\/\\\/esem.org.br\\\/wp-content\\\/uploads\\\/2022\\\/09\\\/Copia-de-WhatsApp-Image-2021-05-24-at-17.04.17-e1663853541820.jpeg\",\"width\":739,\"height\":966,\"caption\":\"ESEM Escola de Seguran\u00e7a Multidimensional\"},\"image\":{\"@id\":\"https:\\\/\\\/esem.org.br\\\/pt\\\/#\\\/schema\\\/logo\\\/image\\\/\"}},{\"@type\":\"Person\",\"@id\":\"https:\\\/\\\/esem.org.br\\\/pt\\\/#\\\/schema\\\/person\\\/e205b78049d24c9f719863aaefefb174\",\"name\":\"admin\",\"image\":{\"@type\":\"ImageObject\",\"inLanguage\":\"es\",\"@id\":\"https:\\\/\\\/secure.gravatar.com\\\/avatar\\\/0326793483408f4e835790807584e1aca258987a62f70a0b083ffd73bea4a891?s=96&d=mm&r=g\",\"url\":\"https:\\\/\\\/secure.gravatar.com\\\/avatar\\\/0326793483408f4e835790807584e1aca258987a62f70a0b083ffd73bea4a891?s=96&d=mm&r=g\",\"contentUrl\":\"https:\\\/\\\/secure.gravatar.com\\\/avatar\\\/0326793483408f4e835790807584e1aca258987a62f70a0b083ffd73bea4a891?s=96&d=mm&r=g\",\"caption\":\"admin\"},\"sameAs\":[\"https:\\\/\\\/esem.org.br\"],\"url\":\"https:\\\/\\\/esem.org.br\\\/es\\\/author\\\/admin\\\/\"}]}<\/script>\n<!-- \/ Yoast SEO plugin. -->","yoast_head_json":{"title":"Assinatura de Acordo de Coopera\u00e7\u00e3o entre a AMERIPOL, o IRI-USP e a Faculdade de Direito da Mackenzie - ESEM","description":"La Escuela de Seguridad Multidimensional (ESEM) forma parte del Instituto de Relaciones Internacionales (IRI) de la Universidad de S\u00e3o Paulo (USP).","robots":{"index":"index","follow":"follow","max-snippet":"max-snippet:-1","max-image-preview":"max-image-preview:large","max-video-preview":"max-video-preview:-1"},"canonical":"https:\/\/esem.org.br\/es\/assinatura-de-acordo-de-cooperacao-entre-a-ameripol-o-iri-usp-e-a-faculdade-de-direito-da-mackenzie\/","og_locale":"es_ES","og_type":"article","og_title":"Assinatura de Acordo de Coopera\u00e7\u00e3o entre a AMERIPOL, o IRI-USP e a Faculdade de Direito da Mackenzie - ESEM","og_description":"A Escola de Seguran\u00e7a Multidimensional (ESEM) faz parte do Instituto de Rela\u00e7\u00f5es Internacionais (IRI) da Universidade de S\u00e3o Paulo (USP).","og_url":"https:\/\/esem.org.br\/es\/assinatura-de-acordo-de-cooperacao-entre-a-ameripol-o-iri-usp-e-a-faculdade-de-direito-da-mackenzie\/","og_site_name":"ESEM","article_published_time":"2022-04-05T20:44:20+00:00","article_modified_time":"2022-10-04T20:45:48+00:00","og_image":[{"width":590,"height":300,"url":"https:\/\/esem.org.br\/wp-content\/uploads\/2022\/10\/og_image.png","type":"image\/png"}],"author":"admin","twitter_card":"summary_large_image","twitter_misc":{"Escrito por":"admin","Tiempo de lectura":"1 minuto"},"schema":{"@context":"https:\/\/schema.org","@graph":[{"@type":"Article","@id":"https:\/\/esem.org.br\/assinatura-de-acordo-de-cooperacao-entre-a-ameripol-o-iri-usp-e-a-faculdade-de-direito-da-mackenzie\/#article","isPartOf":{"@id":"https:\/\/esem.org.br\/assinatura-de-acordo-de-cooperacao-entre-a-ameripol-o-iri-usp-e-a-faculdade-de-direito-da-mackenzie\/"},"author":{"name":"admin","@id":"https:\/\/esem.org.br\/pt\/#\/schema\/person\/e205b78049d24c9f719863aaefefb174"},"headline":"Assinatura de Acordo de Coopera\u00e7\u00e3o entre a AMERIPOL, o IRI-USP e a Faculdade de Direito da Mackenzie","datePublished":"2022-04-05T20:44:20+00:00","dateModified":"2022-10-04T20:45:48+00:00","mainEntityOfPage":{"@id":"https:\/\/esem.org.br\/assinatura-de-acordo-de-cooperacao-entre-a-ameripol-o-iri-usp-e-a-faculdade-de-direito-da-mackenzie\/"},"wordCount":235,"publisher":{"@id":"https:\/\/esem.org.br\/pt\/#organization"},"image":{"@id":"https:\/\/esem.org.br\/assinatura-de-acordo-de-cooperacao-entre-a-ameripol-o-iri-usp-e-a-faculdade-de-direito-da-mackenzie\/#primaryimage"},"thumbnailUrl":"https:\/\/esem.org.br\/wp-content\/uploads\/2022\/10\/og_image.png","articleSection":["Not\u00edcias"],"inLanguage":"es"},{"@type":"WebPage","@id":"https:\/\/esem.org.br\/assinatura-de-acordo-de-cooperacao-entre-a-ameripol-o-iri-usp-e-a-faculdade-de-direito-da-mackenzie\/","url":"https:\/\/esem.org.br\/assinatura-de-acordo-de-cooperacao-entre-a-ameripol-o-iri-usp-e-a-faculdade-de-direito-da-mackenzie\/","name":"Assinatura de Acordo de Coopera\u00e7\u00e3o entre a AMERIPOL, o IRI-USP e a Faculdade de Direito da Mackenzie - ESEM","isPartOf":{"@id":"https:\/\/esem.org.br\/pt\/#website"},"primaryImageOfPage":{"@id":"https:\/\/esem.org.br\/assinatura-de-acordo-de-cooperacao-entre-a-ameripol-o-iri-usp-e-a-faculdade-de-direito-da-mackenzie\/#primaryimage"},"image":{"@id":"https:\/\/esem.org.br\/assinatura-de-acordo-de-cooperacao-entre-a-ameripol-o-iri-usp-e-a-faculdade-de-direito-da-mackenzie\/#primaryimage"},"thumbnailUrl":"https:\/\/esem.org.br\/wp-content\/uploads\/2022\/10\/og_image.png","datePublished":"2022-04-05T20:44:20+00:00","dateModified":"2022-10-04T20:45:48+00:00","description":"La Escuela de Seguridad Multidimensional (ESEM) forma parte del Instituto de Relaciones Internacionales (IRI) de la Universidad de S\u00e3o Paulo (USP).","breadcrumb":{"@id":"https:\/\/esem.org.br\/assinatura-de-acordo-de-cooperacao-entre-a-ameripol-o-iri-usp-e-a-faculdade-de-direito-da-mackenzie\/#breadcrumb"},"inLanguage":"es","potentialAction":[{"@type":"ReadAction","target":["https:\/\/esem.org.br\/assinatura-de-acordo-de-cooperacao-entre-a-ameripol-o-iri-usp-e-a-faculdade-de-direito-da-mackenzie\/"]}]},{"@type":"ImageObject","inLanguage":"es","@id":"https:\/\/esem.org.br\/assinatura-de-acordo-de-cooperacao-entre-a-ameripol-o-iri-usp-e-a-faculdade-de-direito-da-mackenzie\/#primaryimage","url":"https:\/\/esem.org.br\/wp-content\/uploads\/2022\/10\/og_image.png","contentUrl":"https:\/\/esem.org.br\/wp-content\/uploads\/2022\/10\/og_image.png","width":590,"height":300},{"@type":"BreadcrumbList","@id":"https:\/\/esem.org.br\/assinatura-de-acordo-de-cooperacao-entre-a-ameripol-o-iri-usp-e-a-faculdade-de-direito-da-mackenzie\/#breadcrumb","itemListElement":[{"@type":"ListItem","position":1,"name":"In\u00edcio","item":"https:\/\/esem.org.br\/"},{"@type":"ListItem","position":2,"name":"Assinatura de Acordo de Coopera\u00e7\u00e3o entre a AMERIPOL, o IRI-USP e a Faculdade de Direito da Mackenzie"}]},{"@type":"WebSite","@id":"https:\/\/esem.org.br\/pt\/#website","url":"https:\/\/esem.org.br\/pt\/","name":"ESEM Escola de Seguran\u00e7a Multidimensional","description":"Escuela de Seguridad Multidimensional","publisher":{"@id":"https:\/\/esem.org.br\/pt\/#organization"},"potentialAction":[{"@type":"SearchAction","target":{"@type":"EntryPoint","urlTemplate":"https:\/\/esem.org.br\/pt\/?s={search_term_string}"},"query-input":{"@type":"PropertyValueSpecification","valueRequired":true,"valueName":"search_term_string"}}],"inLanguage":"es"},{"@type":"Organization","@id":"https:\/\/esem.org.br\/pt\/#organization","name":"ESEM Escola de Seguran\u00e7a Multidimensional","url":"https:\/\/esem.org.br\/pt\/","logo":{"@type":"ImageObject","inLanguage":"es","@id":"https:\/\/esem.org.br\/pt\/#\/schema\/logo\/image\/","url":"https:\/\/esem.org.br\/wp-content\/uploads\/2022\/09\/Copia-de-WhatsApp-Image-2021-05-24-at-17.04.17-e1663853541820.jpeg","contentUrl":"https:\/\/esem.org.br\/wp-content\/uploads\/2022\/09\/Copia-de-WhatsApp-Image-2021-05-24-at-17.04.17-e1663853541820.jpeg","width":739,"height":966,"caption":"ESEM Escola de Seguran\u00e7a Multidimensional"},"image":{"@id":"https:\/\/esem.org.br\/pt\/#\/schema\/logo\/image\/"}},{"@type":"Person","@id":"https:\/\/esem.org.br\/pt\/#\/schema\/person\/e205b78049d24c9f719863aaefefb174","name":"admin","image":{"@type":"ImageObject","inLanguage":"es","@id":"https:\/\/secure.gravatar.com\/avatar\/0326793483408f4e835790807584e1aca258987a62f70a0b083ffd73bea4a891?s=96&d=mm&r=g","url":"https:\/\/secure.gravatar.com\/avatar\/0326793483408f4e835790807584e1aca258987a62f70a0b083ffd73bea4a891?s=96&d=mm&r=g","contentUrl":"https:\/\/secure.gravatar.com\/avatar\/0326793483408f4e835790807584e1aca258987a62f70a0b083ffd73bea4a891?s=96&d=mm&r=g","caption":"admin"},"sameAs":["https:\/\/esem.org.br"],"url":"https:\/\/esem.org.br\/es\/author\/admin\/"}]}},"_links":{"self":[{"href":"https:\/\/esem.org.br\/es\/wp-json\/wp\/v2\/posts\/455","targetHints":{"allow":["GET"]}}],"collection":[{"href":"https:\/\/esem.org.br\/es\/wp-json\/wp\/v2\/posts"}],"about":[{"href":"https:\/\/esem.org.br\/es\/wp-json\/wp\/v2\/types\/post"}],"author":[{"embeddable":true,"href":"https:\/\/esem.org.br\/es\/wp-json\/wp\/v2\/users\/1"}],"replies":[{"embeddable":true,"href":"https:\/\/esem.org.br\/es\/wp-json\/wp\/v2\/comments?post=455"}],"version-history":[{"count":4,"href":"https:\/\/esem.org.br\/es\/wp-json\/wp\/v2\/posts\/455\/revisions"}],"predecessor-version":[{"id":460,"href":"https:\/\/esem.org.br\/es\/wp-json\/wp\/v2\/posts\/455\/revisions\/460"}],"wp:featuredmedia":[{"embeddable":true,"href":"https:\/\/esem.org.br\/es\/wp-json\/wp\/v2\/media\/456"}],"wp:attachment":[{"href":"https:\/\/esem.org.br\/es\/wp-json\/wp\/v2\/media?parent=455"}],"wp:term":[{"taxonomy":"category","embeddable":true,"href":"https:\/\/esem.org.br\/es\/wp-json\/wp\/v2\/categories?post=455"},{"taxonomy":"post_tag","embeddable":true,"href":"https:\/\/esem.org.br\/es\/wp-json\/wp\/v2\/tags?post=455"}],"curies":[{"name":"wp","href":"https:\/\/api.w.org\/{rel}","templated":true}]}}