{"id":5282,"date":"2026-01-28T11:17:37","date_gmt":"2026-01-28T14:17:37","guid":{"rendered":"https:\/\/esem.org.br\/?p=5282"},"modified":"2026-01-28T11:18:47","modified_gmt":"2026-01-28T14:18:47","slug":"iri-usp-abre-inscricoes-para-aluno-especial-na-disciplina-pri5081-o-carater-em-transicao-do-conflito-conflitos-na-zona-cinzenta","status":"publish","type":"post","link":"https:\/\/esem.org.br\/es\/iri-usp-abre-inscricoes-para-aluno-especial-na-disciplina-pri5081-o-carater-em-transicao-do-conflito-conflitos-na-zona-cinzenta\/","title":{"rendered":"IRI-USP abre inscri\u00e7\u00f5es para aluno especial na disciplina PRI5081 \u2013 O car\u00e1ter em transi\u00e7\u00e3o do conflito: conflitos na zona cinzenta"},"content":{"rendered":"<div data-elementor-type=\"wp-post\" data-elementor-id=\"5282\" class=\"elementor elementor-5282\" data-elementor-post-type=\"post\">\n\t\t\t\t\t\t<section class=\"elementor-section elementor-top-section elementor-element elementor-element-7c6b9ee elementor-section-boxed elementor-section-height-default elementor-section-height-default\" data-id=\"7c6b9ee\" data-element_type=\"section\" data-e-type=\"section\" data-settings=\"{&quot;ekit_has_onepagescroll_dot&quot;:&quot;yes&quot;}\">\n\t\t\t\t\t\t<div class=\"elementor-container elementor-column-gap-default\">\n\t\t\t\t\t<div class=\"elementor-column elementor-col-100 elementor-top-column elementor-element elementor-element-9f85b06\" data-id=\"9f85b06\" data-element_type=\"column\" data-e-type=\"column\">\n\t\t\t<div class=\"elementor-widget-wrap elementor-element-populated\">\n\t\t\t\t\t\t<div class=\"elementor-element elementor-element-4e9e975 elementor-widget__width-initial elementor-widget elementor-widget-text-editor\" data-id=\"4e9e975\" data-element_type=\"widget\" data-e-type=\"widget\" data-settings=\"{&quot;ekit_we_effect_on&quot;:&quot;none&quot;}\" data-widget_type=\"text-editor.default\">\n\t\t\t\t<div class=\"elementor-widget-container\">\n\t\t\t\t\t\t\t\t\t<p><span style=\"font-weight: 400;\">O Programa de P\u00f3s-Gradua\u00e7\u00e3o em Rela\u00e7\u00f5es Internacionais do Instituto de Rela\u00e7\u00f5es Internacionais da USP abriu inscri\u00e7\u00f5es para aluno especial na disciplina PRI5081 \u2013 O car\u00e1ter em transi\u00e7\u00e3o do conflito: conflitos na zona cinzenta, que ser\u00e1 oferecida no 1\u00ba semestre de 2026. A disciplina ser\u00e1 ministrada pelo professor Leandro Piquet, do IRI-USP, e pelo professor Michael Miklaucic, da National Defense University. Ao todo, est\u00e3o dispon\u00edveis at\u00e9 sete vagas.<\/span><\/p><p><span style=\"font-weight: 400;\">As aulas ter\u00e3o in\u00edcio em 6 de abril de 2026 e ocorrer\u00e3o \u00e0s segundas e quintas-feiras, das 9h \u00e0s 11h30, de forma presencial, na Sala D do IRI, na Universidade de S\u00e3o Paulo.\u00a0<\/span><\/p><p><span style=\"font-weight: 400;\">A modalidade de aluno especial permite cursar disciplinas isoladas de p\u00f3s-gradua\u00e7\u00e3o, sem v\u00ednculo com programas de mestrado ou doutorado. Os alunos aprovados podem obter certificado de aprova\u00e7\u00e3o, expedido pela Comiss\u00e3o de P\u00f3s-Gradua\u00e7\u00e3o, conforme o Regimento de P\u00f3s-Gradua\u00e7\u00e3o da USP (Resolu\u00e7\u00e3o n\u00ba 7493\/2018). A aceita\u00e7\u00e3o est\u00e1 condicionada \u00e0 an\u00e1lise da Comiss\u00e3o de Coordena\u00e7\u00e3o do Programa e ao parecer do docente respons\u00e1vel pela disciplina.<\/span><\/p><h3><b>Inscripciones<\/b><\/h3><p><span style=\"font-weight: 400;\">As inscri\u00e7\u00f5es devem ser realizadas exclusivamente por e-mail, no per\u00edodo de 14 de janeiro a 5 de fevereiro de 2026, pelo endere\u00e7o pospesq.iri@usp.br, com o assunto \u201cAluno Especial 2026-1 \u2013 Inscri\u00e7\u00e3o\u201d. N\u00e3o haver\u00e1 inscri\u00e7\u00e3o presencial.<\/span><\/p><p><span style=\"font-weight: 400;\">O resultado do processo seletivo ser\u00e1 divulgado na p\u00e1gina eletr\u00f4nica do IRI at\u00e9 12 de fevereiro de 2026.\u00a0<\/span><\/p><p><b>Mais informa\u00e7\u00f5es e processo de inscri\u00e7\u00e3o:<\/b><b><br \/><\/b><a href=\"https:\/\/www.iri.usp.br\/br\/pos-graduacao\/alunos-pos\/aluno-especial\"><b>https:\/\/www.iri.usp.br\/br\/pos-graduacao\/alunos-pos\/aluno-especial<\/b><\/a><\/p>\t\t\t\t\t\t\t\t<\/div>\n\t\t\t\t<\/div>\n\t\t\t\t\t<\/div>\n\t\t<\/div>\n\t\t\t\t\t<\/div>\n\t\t<\/section>\n\t\t\t\t<\/div>","protected":false},"excerpt":{"rendered":"<p>O Programa de P\u00f3s-Gradua\u00e7\u00e3o em Rela\u00e7\u00f5es Internacionais do Instituto de Rela\u00e7\u00f5es Internacionais da USP abriu inscri\u00e7\u00f5es para aluno especial na disciplina PRI5081 \u2013 O car\u00e1ter em transi\u00e7\u00e3o do conflito: conflitos na zona cinzenta, que ser\u00e1 oferecida no 1\u00ba semestre de 2026. A disciplina ser\u00e1 ministrada pelo professor Leandro Piquet, do IRI-USP, e pelo professor Michael [&hellip;]<\/p>\n","protected":false},"author":2,"featured_media":5274,"comment_status":"closed","ping_status":"open","sticky":false,"template":"","format":"standard","meta":{"footnotes":""},"categories":[45],"tags":[50,49,48],"class_list":["post-5282","post","type-post","status-publish","format-standard","has-post-thumbnail","hentry","category-cursos-e-formacao","tag-alunoespecial","tag-iriusp","tag-segurancapublica-2"],"yoast_head":"<!-- This site is optimized with the Yoast SEO plugin v27.5 - https:\/\/yoast.com\/product\/yoast-seo-wordpress\/ -->\n<title>IRI-USP abre inscri\u00e7\u00f5es para aluno especial na disciplina PRI5081 \u2013 O car\u00e1ter em transi\u00e7\u00e3o do conflito: conflitos na zona cinzenta - ESEM<\/title>\n<meta name=\"description\" content=\"A Escola de Seguran\u00e7a Multidimensional (ESEM) faz parte do Instituto de Rela\u00e7\u00f5es Internacionais (IRI) da Universidade de S\u00e3o Paulo (USP).\" \/>\n<meta name=\"robots\" content=\"index, follow, max-snippet:-1, max-image-preview:large, max-video-preview:-1\" \/>\n<link rel=\"canonical\" href=\"https:\/\/esem.org.br\/es\/iri-usp-abre-inscricoes-para-aluno-especial-na-disciplina-pri5081-o-carater-em-transicao-do-conflito-conflitos-na-zona-cinzenta\/\" \/>\n<meta property=\"og:locale\" content=\"es_ES\" \/>\n<meta property=\"og:type\" content=\"article\" \/>\n<meta property=\"og:title\" content=\"IRI-USP abre inscri\u00e7\u00f5es para aluno especial na disciplina PRI5081 \u2013 O car\u00e1ter em transi\u00e7\u00e3o do conflito: conflitos na zona cinzenta - ESEM\" \/>\n<meta property=\"og:description\" content=\"A Escola de Seguran\u00e7a Multidimensional (ESEM) faz parte do Instituto de Rela\u00e7\u00f5es Internacionais (IRI) da Universidade de S\u00e3o Paulo (USP).\" \/>\n<meta property=\"og:url\" content=\"https:\/\/esem.org.br\/es\/iri-usp-abre-inscricoes-para-aluno-especial-na-disciplina-pri5081-o-carater-em-transicao-do-conflito-conflitos-na-zona-cinzenta\/\" \/>\n<meta property=\"og:site_name\" content=\"ESEM\" \/>\n<meta property=\"article:published_time\" content=\"2026-01-28T14:17:37+00:00\" \/>\n<meta property=\"article:modified_time\" content=\"2026-01-28T14:18:47+00:00\" \/>\n<meta property=\"og:image\" content=\"https:\/\/esem.org.br\/wp-content\/uploads\/2026\/01\/01-2.jpg\" \/>\n\t<meta property=\"og:image:width\" content=\"1080\" \/>\n\t<meta property=\"og:image:height\" content=\"1350\" \/>\n\t<meta property=\"og:image:type\" content=\"image\/jpeg\" \/>\n<meta name=\"author\" content=\"esem\" \/>\n<meta name=\"twitter:card\" content=\"summary_large_image\" \/>\n<meta name=\"twitter:label1\" content=\"Escrito por\" \/>\n\t<meta name=\"twitter:data1\" content=\"esem\" \/>\n\t<meta name=\"twitter:label2\" content=\"Tiempo de lectura\" \/>\n\t<meta name=\"twitter:data2\" content=\"4 minutos\" \/>\n<script type=\"application\/ld+json\" class=\"yoast-schema-graph\">{\"@context\":\"https:\\\/\\\/schema.org\",\"@graph\":[{\"@type\":\"Article\",\"@id\":\"https:\\\/\\\/esem.org.br\\\/pt\\\/iri-usp-abre-inscricoes-para-aluno-especial-na-disciplina-pri5081-o-carater-em-transicao-do-conflito-conflitos-na-zona-cinzenta\\\/#article\",\"isPartOf\":{\"@id\":\"https:\\\/\\\/esem.org.br\\\/pt\\\/iri-usp-abre-inscricoes-para-aluno-especial-na-disciplina-pri5081-o-carater-em-transicao-do-conflito-conflitos-na-zona-cinzenta\\\/\"},\"author\":{\"name\":\"esem\",\"@id\":\"https:\\\/\\\/esem.org.br\\\/pt\\\/#\\\/schema\\\/person\\\/3b4d74c38b6777eeeb8b4234ba1e4738\"},\"headline\":\"IRI-USP abre inscri\u00e7\u00f5es para aluno especial na disciplina PRI5081 \u2013 O car\u00e1ter em transi\u00e7\u00e3o do conflito: conflitos na zona cinzenta\",\"datePublished\":\"2026-01-28T14:17:37+00:00\",\"dateModified\":\"2026-01-28T14:18:47+00:00\",\"mainEntityOfPage\":{\"@id\":\"https:\\\/\\\/esem.org.br\\\/pt\\\/iri-usp-abre-inscricoes-para-aluno-especial-na-disciplina-pri5081-o-carater-em-transicao-do-conflito-conflitos-na-zona-cinzenta\\\/\"},\"wordCount\":282,\"publisher\":{\"@id\":\"https:\\\/\\\/esem.org.br\\\/pt\\\/#organization\"},\"image\":{\"@id\":\"https:\\\/\\\/esem.org.br\\\/pt\\\/iri-usp-abre-inscricoes-para-aluno-especial-na-disciplina-pri5081-o-carater-em-transicao-do-conflito-conflitos-na-zona-cinzenta\\\/#primaryimage\"},\"thumbnailUrl\":\"https:\\\/\\\/esem.org.br\\\/wp-content\\\/uploads\\\/2026\\\/01\\\/01-2.jpg\",\"keywords\":[\"alunoespecial\",\"iriusp\",\"segurancapublica\"],\"articleSection\":[\"Cursos e forma\u00e7\u00e3o\"],\"inLanguage\":\"es\"},{\"@type\":\"WebPage\",\"@id\":\"https:\\\/\\\/esem.org.br\\\/pt\\\/iri-usp-abre-inscricoes-para-aluno-especial-na-disciplina-pri5081-o-carater-em-transicao-do-conflito-conflitos-na-zona-cinzenta\\\/\",\"url\":\"https:\\\/\\\/esem.org.br\\\/pt\\\/iri-usp-abre-inscricoes-para-aluno-especial-na-disciplina-pri5081-o-carater-em-transicao-do-conflito-conflitos-na-zona-cinzenta\\\/\",\"name\":\"IRI-USP abre inscri\u00e7\u00f5es para aluno especial na disciplina PRI5081 \u2013 O car\u00e1ter em transi\u00e7\u00e3o do conflito: conflitos na zona cinzenta - ESEM\",\"isPartOf\":{\"@id\":\"https:\\\/\\\/esem.org.br\\\/pt\\\/#website\"},\"primaryImageOfPage\":{\"@id\":\"https:\\\/\\\/esem.org.br\\\/pt\\\/iri-usp-abre-inscricoes-para-aluno-especial-na-disciplina-pri5081-o-carater-em-transicao-do-conflito-conflitos-na-zona-cinzenta\\\/#primaryimage\"},\"image\":{\"@id\":\"https:\\\/\\\/esem.org.br\\\/pt\\\/iri-usp-abre-inscricoes-para-aluno-especial-na-disciplina-pri5081-o-carater-em-transicao-do-conflito-conflitos-na-zona-cinzenta\\\/#primaryimage\"},\"thumbnailUrl\":\"https:\\\/\\\/esem.org.br\\\/wp-content\\\/uploads\\\/2026\\\/01\\\/01-2.jpg\",\"datePublished\":\"2026-01-28T14:17:37+00:00\",\"dateModified\":\"2026-01-28T14:18:47+00:00\",\"description\":\"A Escola de Seguran\u00e7a Multidimensional (ESEM) faz parte do Instituto de Rela\u00e7\u00f5es Internacionais (IRI) da Universidade de S\u00e3o Paulo (USP).\",\"breadcrumb\":{\"@id\":\"https:\\\/\\\/esem.org.br\\\/pt\\\/iri-usp-abre-inscricoes-para-aluno-especial-na-disciplina-pri5081-o-carater-em-transicao-do-conflito-conflitos-na-zona-cinzenta\\\/#breadcrumb\"},\"inLanguage\":\"es\",\"potentialAction\":[{\"@type\":\"ReadAction\",\"target\":[\"https:\\\/\\\/esem.org.br\\\/pt\\\/iri-usp-abre-inscricoes-para-aluno-especial-na-disciplina-pri5081-o-carater-em-transicao-do-conflito-conflitos-na-zona-cinzenta\\\/\"]}]},{\"@type\":\"ImageObject\",\"inLanguage\":\"es\",\"@id\":\"https:\\\/\\\/esem.org.br\\\/pt\\\/iri-usp-abre-inscricoes-para-aluno-especial-na-disciplina-pri5081-o-carater-em-transicao-do-conflito-conflitos-na-zona-cinzenta\\\/#primaryimage\",\"url\":\"https:\\\/\\\/esem.org.br\\\/wp-content\\\/uploads\\\/2026\\\/01\\\/01-2.jpg\",\"contentUrl\":\"https:\\\/\\\/esem.org.br\\\/wp-content\\\/uploads\\\/2026\\\/01\\\/01-2.jpg\",\"width\":1080,\"height\":1350},{\"@type\":\"BreadcrumbList\",\"@id\":\"https:\\\/\\\/esem.org.br\\\/pt\\\/iri-usp-abre-inscricoes-para-aluno-especial-na-disciplina-pri5081-o-carater-em-transicao-do-conflito-conflitos-na-zona-cinzenta\\\/#breadcrumb\",\"itemListElement\":[{\"@type\":\"ListItem\",\"position\":1,\"name\":\"In\u00edcio\",\"item\":\"https:\\\/\\\/esem.org.br\\\/\"},{\"@type\":\"ListItem\",\"position\":2,\"name\":\"IRI-USP abre inscri\u00e7\u00f5es para aluno especial na disciplina PRI5081 \u2013 O car\u00e1ter em transi\u00e7\u00e3o do conflito: conflitos na zona cinzenta\"}]},{\"@type\":\"WebSite\",\"@id\":\"https:\\\/\\\/esem.org.br\\\/pt\\\/#website\",\"url\":\"https:\\\/\\\/esem.org.br\\\/pt\\\/\",\"name\":\"ESEM Escola de Seguran\u00e7a Multidimensional\",\"description\":\"Escola de Seguran\u00e7a Multidimensional\",\"publisher\":{\"@id\":\"https:\\\/\\\/esem.org.br\\\/pt\\\/#organization\"},\"potentialAction\":[{\"@type\":\"SearchAction\",\"target\":{\"@type\":\"EntryPoint\",\"urlTemplate\":\"https:\\\/\\\/esem.org.br\\\/pt\\\/?s={search_term_string}\"},\"query-input\":{\"@type\":\"PropertyValueSpecification\",\"valueRequired\":true,\"valueName\":\"search_term_string\"}}],\"inLanguage\":\"es\"},{\"@type\":\"Organization\",\"@id\":\"https:\\\/\\\/esem.org.br\\\/pt\\\/#organization\",\"name\":\"ESEM Escola de Seguran\u00e7a Multidimensional\",\"url\":\"https:\\\/\\\/esem.org.br\\\/pt\\\/\",\"logo\":{\"@type\":\"ImageObject\",\"inLanguage\":\"es\",\"@id\":\"https:\\\/\\\/esem.org.br\\\/pt\\\/#\\\/schema\\\/logo\\\/image\\\/\",\"url\":\"https:\\\/\\\/esem.org.br\\\/wp-content\\\/uploads\\\/2022\\\/09\\\/Copia-de-WhatsApp-Image-2021-05-24-at-17.04.17-e1663853541820.jpeg\",\"contentUrl\":\"https:\\\/\\\/esem.org.br\\\/wp-content\\\/uploads\\\/2022\\\/09\\\/Copia-de-WhatsApp-Image-2021-05-24-at-17.04.17-e1663853541820.jpeg\",\"width\":739,\"height\":966,\"caption\":\"ESEM Escola de Seguran\u00e7a Multidimensional\"},\"image\":{\"@id\":\"https:\\\/\\\/esem.org.br\\\/pt\\\/#\\\/schema\\\/logo\\\/image\\\/\"}},{\"@type\":\"Person\",\"@id\":\"https:\\\/\\\/esem.org.br\\\/pt\\\/#\\\/schema\\\/person\\\/3b4d74c38b6777eeeb8b4234ba1e4738\",\"name\":\"esem\",\"image\":{\"@type\":\"ImageObject\",\"inLanguage\":\"es\",\"@id\":\"https:\\\/\\\/secure.gravatar.com\\\/avatar\\\/d3e3b5b1d76cfcb32f8d51da8cecb957dbe625a90985eba04d0e9708bad09ba2?s=96&d=mm&r=g\",\"url\":\"https:\\\/\\\/secure.gravatar.com\\\/avatar\\\/d3e3b5b1d76cfcb32f8d51da8cecb957dbe625a90985eba04d0e9708bad09ba2?s=96&d=mm&r=g\",\"contentUrl\":\"https:\\\/\\\/secure.gravatar.com\\\/avatar\\\/d3e3b5b1d76cfcb32f8d51da8cecb957dbe625a90985eba04d0e9708bad09ba2?s=96&d=mm&r=g\",\"caption\":\"esem\"},\"url\":\"https:\\\/\\\/esem.org.br\\\/es\\\/author\\\/esem\\\/\"}]}<\/script>\n<!-- \/ Yoast SEO plugin. -->","yoast_head_json":{"title":"IRI-USP abre inscri\u00e7\u00f5es para aluno especial na disciplina PRI5081 \u2013 O car\u00e1ter em transi\u00e7\u00e3o do conflito: conflitos na zona cinzenta - ESEM","description":"La Escuela de Seguridad Multidimensional (ESEM) forma parte del Instituto de Relaciones Internacionales (IRI) de la Universidad de S\u00e3o Paulo (USP).","robots":{"index":"index","follow":"follow","max-snippet":"max-snippet:-1","max-image-preview":"max-image-preview:large","max-video-preview":"max-video-preview:-1"},"canonical":"https:\/\/esem.org.br\/es\/iri-usp-abre-inscricoes-para-aluno-especial-na-disciplina-pri5081-o-carater-em-transicao-do-conflito-conflitos-na-zona-cinzenta\/","og_locale":"es_ES","og_type":"article","og_title":"IRI-USP abre inscri\u00e7\u00f5es para aluno especial na disciplina PRI5081 \u2013 O car\u00e1ter em transi\u00e7\u00e3o do conflito: conflitos na zona cinzenta - ESEM","og_description":"A Escola de Seguran\u00e7a Multidimensional (ESEM) faz parte do Instituto de Rela\u00e7\u00f5es Internacionais (IRI) da Universidade de S\u00e3o Paulo (USP).","og_url":"https:\/\/esem.org.br\/es\/iri-usp-abre-inscricoes-para-aluno-especial-na-disciplina-pri5081-o-carater-em-transicao-do-conflito-conflitos-na-zona-cinzenta\/","og_site_name":"ESEM","article_published_time":"2026-01-28T14:17:37+00:00","article_modified_time":"2026-01-28T14:18:47+00:00","og_image":[{"width":1080,"height":1350,"url":"https:\/\/esem.org.br\/wp-content\/uploads\/2026\/01\/01-2.jpg","type":"image\/jpeg"}],"author":"esem","twitter_card":"summary_large_image","twitter_misc":{"Escrito por":"esem","Tiempo de lectura":"4 minutos"},"schema":{"@context":"https:\/\/schema.org","@graph":[{"@type":"Article","@id":"https:\/\/esem.org.br\/pt\/iri-usp-abre-inscricoes-para-aluno-especial-na-disciplina-pri5081-o-carater-em-transicao-do-conflito-conflitos-na-zona-cinzenta\/#article","isPartOf":{"@id":"https:\/\/esem.org.br\/pt\/iri-usp-abre-inscricoes-para-aluno-especial-na-disciplina-pri5081-o-carater-em-transicao-do-conflito-conflitos-na-zona-cinzenta\/"},"author":{"name":"esem","@id":"https:\/\/esem.org.br\/pt\/#\/schema\/person\/3b4d74c38b6777eeeb8b4234ba1e4738"},"headline":"IRI-USP abre inscri\u00e7\u00f5es para aluno especial na disciplina PRI5081 \u2013 O car\u00e1ter em transi\u00e7\u00e3o do conflito: conflitos na zona cinzenta","datePublished":"2026-01-28T14:17:37+00:00","dateModified":"2026-01-28T14:18:47+00:00","mainEntityOfPage":{"@id":"https:\/\/esem.org.br\/pt\/iri-usp-abre-inscricoes-para-aluno-especial-na-disciplina-pri5081-o-carater-em-transicao-do-conflito-conflitos-na-zona-cinzenta\/"},"wordCount":282,"publisher":{"@id":"https:\/\/esem.org.br\/pt\/#organization"},"image":{"@id":"https:\/\/esem.org.br\/pt\/iri-usp-abre-inscricoes-para-aluno-especial-na-disciplina-pri5081-o-carater-em-transicao-do-conflito-conflitos-na-zona-cinzenta\/#primaryimage"},"thumbnailUrl":"https:\/\/esem.org.br\/wp-content\/uploads\/2026\/01\/01-2.jpg","keywords":["alunoespecial","iriusp","segurancapublica"],"articleSection":["Cursos e forma\u00e7\u00e3o"],"inLanguage":"es"},{"@type":"WebPage","@id":"https:\/\/esem.org.br\/pt\/iri-usp-abre-inscricoes-para-aluno-especial-na-disciplina-pri5081-o-carater-em-transicao-do-conflito-conflitos-na-zona-cinzenta\/","url":"https:\/\/esem.org.br\/pt\/iri-usp-abre-inscricoes-para-aluno-especial-na-disciplina-pri5081-o-carater-em-transicao-do-conflito-conflitos-na-zona-cinzenta\/","name":"IRI-USP abre inscri\u00e7\u00f5es para aluno especial na disciplina PRI5081 \u2013 O car\u00e1ter em transi\u00e7\u00e3o do conflito: conflitos na zona cinzenta - ESEM","isPartOf":{"@id":"https:\/\/esem.org.br\/pt\/#website"},"primaryImageOfPage":{"@id":"https:\/\/esem.org.br\/pt\/iri-usp-abre-inscricoes-para-aluno-especial-na-disciplina-pri5081-o-carater-em-transicao-do-conflito-conflitos-na-zona-cinzenta\/#primaryimage"},"image":{"@id":"https:\/\/esem.org.br\/pt\/iri-usp-abre-inscricoes-para-aluno-especial-na-disciplina-pri5081-o-carater-em-transicao-do-conflito-conflitos-na-zona-cinzenta\/#primaryimage"},"thumbnailUrl":"https:\/\/esem.org.br\/wp-content\/uploads\/2026\/01\/01-2.jpg","datePublished":"2026-01-28T14:17:37+00:00","dateModified":"2026-01-28T14:18:47+00:00","description":"La Escuela de Seguridad Multidimensional (ESEM) forma parte del Instituto de Relaciones Internacionales (IRI) de la Universidad de S\u00e3o Paulo (USP).","breadcrumb":{"@id":"https:\/\/esem.org.br\/pt\/iri-usp-abre-inscricoes-para-aluno-especial-na-disciplina-pri5081-o-carater-em-transicao-do-conflito-conflitos-na-zona-cinzenta\/#breadcrumb"},"inLanguage":"es","potentialAction":[{"@type":"ReadAction","target":["https:\/\/esem.org.br\/pt\/iri-usp-abre-inscricoes-para-aluno-especial-na-disciplina-pri5081-o-carater-em-transicao-do-conflito-conflitos-na-zona-cinzenta\/"]}]},{"@type":"ImageObject","inLanguage":"es","@id":"https:\/\/esem.org.br\/pt\/iri-usp-abre-inscricoes-para-aluno-especial-na-disciplina-pri5081-o-carater-em-transicao-do-conflito-conflitos-na-zona-cinzenta\/#primaryimage","url":"https:\/\/esem.org.br\/wp-content\/uploads\/2026\/01\/01-2.jpg","contentUrl":"https:\/\/esem.org.br\/wp-content\/uploads\/2026\/01\/01-2.jpg","width":1080,"height":1350},{"@type":"BreadcrumbList","@id":"https:\/\/esem.org.br\/pt\/iri-usp-abre-inscricoes-para-aluno-especial-na-disciplina-pri5081-o-carater-em-transicao-do-conflito-conflitos-na-zona-cinzenta\/#breadcrumb","itemListElement":[{"@type":"ListItem","position":1,"name":"In\u00edcio","item":"https:\/\/esem.org.br\/"},{"@type":"ListItem","position":2,"name":"IRI-USP abre inscri\u00e7\u00f5es para aluno especial na disciplina PRI5081 \u2013 O car\u00e1ter em transi\u00e7\u00e3o do conflito: conflitos na zona cinzenta"}]},{"@type":"WebSite","@id":"https:\/\/esem.org.br\/pt\/#website","url":"https:\/\/esem.org.br\/pt\/","name":"ESEM Escola de Seguran\u00e7a Multidimensional","description":"Escuela de Seguridad Multidimensional","publisher":{"@id":"https:\/\/esem.org.br\/pt\/#organization"},"potentialAction":[{"@type":"SearchAction","target":{"@type":"EntryPoint","urlTemplate":"https:\/\/esem.org.br\/pt\/?s={search_term_string}"},"query-input":{"@type":"PropertyValueSpecification","valueRequired":true,"valueName":"search_term_string"}}],"inLanguage":"es"},{"@type":"Organization","@id":"https:\/\/esem.org.br\/pt\/#organization","name":"ESEM Escola de Seguran\u00e7a Multidimensional","url":"https:\/\/esem.org.br\/pt\/","logo":{"@type":"ImageObject","inLanguage":"es","@id":"https:\/\/esem.org.br\/pt\/#\/schema\/logo\/image\/","url":"https:\/\/esem.org.br\/wp-content\/uploads\/2022\/09\/Copia-de-WhatsApp-Image-2021-05-24-at-17.04.17-e1663853541820.jpeg","contentUrl":"https:\/\/esem.org.br\/wp-content\/uploads\/2022\/09\/Copia-de-WhatsApp-Image-2021-05-24-at-17.04.17-e1663853541820.jpeg","width":739,"height":966,"caption":"ESEM Escola de Seguran\u00e7a Multidimensional"},"image":{"@id":"https:\/\/esem.org.br\/pt\/#\/schema\/logo\/image\/"}},{"@type":"Person","@id":"https:\/\/esem.org.br\/pt\/#\/schema\/person\/3b4d74c38b6777eeeb8b4234ba1e4738","name":"esem","image":{"@type":"ImageObject","inLanguage":"es","@id":"https:\/\/secure.gravatar.com\/avatar\/d3e3b5b1d76cfcb32f8d51da8cecb957dbe625a90985eba04d0e9708bad09ba2?s=96&d=mm&r=g","url":"https:\/\/secure.gravatar.com\/avatar\/d3e3b5b1d76cfcb32f8d51da8cecb957dbe625a90985eba04d0e9708bad09ba2?s=96&d=mm&r=g","contentUrl":"https:\/\/secure.gravatar.com\/avatar\/d3e3b5b1d76cfcb32f8d51da8cecb957dbe625a90985eba04d0e9708bad09ba2?s=96&d=mm&r=g","caption":"esem"},"url":"https:\/\/esem.org.br\/es\/author\/esem\/"}]}},"_links":{"self":[{"href":"https:\/\/esem.org.br\/es\/wp-json\/wp\/v2\/posts\/5282","targetHints":{"allow":["GET"]}}],"collection":[{"href":"https:\/\/esem.org.br\/es\/wp-json\/wp\/v2\/posts"}],"about":[{"href":"https:\/\/esem.org.br\/es\/wp-json\/wp\/v2\/types\/post"}],"author":[{"embeddable":true,"href":"https:\/\/esem.org.br\/es\/wp-json\/wp\/v2\/users\/2"}],"replies":[{"embeddable":true,"href":"https:\/\/esem.org.br\/es\/wp-json\/wp\/v2\/comments?post=5282"}],"version-history":[{"count":4,"href":"https:\/\/esem.org.br\/es\/wp-json\/wp\/v2\/posts\/5282\/revisions"}],"predecessor-version":[{"id":5286,"href":"https:\/\/esem.org.br\/es\/wp-json\/wp\/v2\/posts\/5282\/revisions\/5286"}],"wp:featuredmedia":[{"embeddable":true,"href":"https:\/\/esem.org.br\/es\/wp-json\/wp\/v2\/media\/5274"}],"wp:attachment":[{"href":"https:\/\/esem.org.br\/es\/wp-json\/wp\/v2\/media?parent=5282"}],"wp:term":[{"taxonomy":"category","embeddable":true,"href":"https:\/\/esem.org.br\/es\/wp-json\/wp\/v2\/categories?post=5282"},{"taxonomy":"post_tag","embeddable":true,"href":"https:\/\/esem.org.br\/es\/wp-json\/wp\/v2\/tags?post=5282"}],"curies":[{"name":"wp","href":"https:\/\/api.w.org\/{rel}","templated":true}]}}