{"id":425,"date":"2022-06-14T17:25:33","date_gmt":"2022-06-14T20:25:33","guid":{"rendered":"https:\/\/esem.org.br\/?p=425"},"modified":"2022-10-04T17:40:36","modified_gmt":"2022-10-04T20:40:36","slug":"divulgacao-do-seminario-internacional-sobre-alcool-e-seus-impactos-na-sociedade","status":"publish","type":"post","link":"https:\/\/esem.org.br\/pt\/divulgacao-do-seminario-internacional-sobre-alcool-e-seus-impactos-na-sociedade\/","title":{"rendered":"Divulga\u00e7\u00e3o do Semin\u00e1rio Internacional sobre \u00c1lcool e seus Impactos na Sociedade"},"content":{"rendered":"\t\t<div data-elementor-type=\"wp-post\" data-elementor-id=\"425\" class=\"elementor elementor-425\" data-elementor-post-type=\"post\">\n\t\t\t\t\t\t<section class=\"elementor-section elementor-top-section elementor-element elementor-element-2e45de5 elementor-section-boxed elementor-section-height-default elementor-section-height-default\" data-id=\"2e45de5\" data-element_type=\"section\" data-e-type=\"section\" data-settings=\"{&quot;ekit_has_onepagescroll_dot&quot;:&quot;yes&quot;}\">\n\t\t\t\t\t\t<div class=\"elementor-container elementor-column-gap-default\">\n\t\t\t\t\t<div class=\"elementor-column elementor-col-100 elementor-top-column elementor-element elementor-element-2636edda\" data-id=\"2636edda\" data-element_type=\"column\" data-e-type=\"column\">\n\t\t\t<div class=\"elementor-widget-wrap elementor-element-populated\">\n\t\t\t\t\t\t<div class=\"elementor-element elementor-element-25c6a56 elementor-widget elementor-widget-text-editor\" data-id=\"25c6a56\" data-element_type=\"widget\" data-e-type=\"widget\" data-settings=\"{&quot;ekit_we_effect_on&quot;:&quot;none&quot;}\" data-widget_type=\"text-editor.default\">\n\t\t\t\t<div class=\"elementor-widget-container\">\n\t\t\t\t\t\t\t\t\t\n<p><strong>14 de junho de 2022<\/strong><\/p>\n\t\t\t\t\t\t\t\t<\/div>\n\t\t\t\t<\/div>\n\t\t\t\t\t<\/div>\n\t\t<\/div>\n\t\t\t\t\t<\/div>\n\t\t<\/section>\n\t\t\t\t<section class=\"elementor-section elementor-top-section elementor-element elementor-element-6a94b9e elementor-section-boxed elementor-section-height-default elementor-section-height-default\" data-id=\"6a94b9e\" data-element_type=\"section\" data-e-type=\"section\" data-settings=\"{&quot;ekit_has_onepagescroll_dot&quot;:&quot;yes&quot;}\">\n\t\t\t\t\t\t<div class=\"elementor-container elementor-column-gap-default\">\n\t\t\t\t\t<div class=\"elementor-column elementor-col-100 elementor-top-column elementor-element elementor-element-f6a84eb\" data-id=\"f6a84eb\" data-element_type=\"column\" data-e-type=\"column\">\n\t\t\t<div class=\"elementor-widget-wrap elementor-element-populated\">\n\t\t\t\t\t\t<div class=\"elementor-element elementor-element-90a6f5b elementor-widget elementor-widget-text-editor\" data-id=\"90a6f5b\" data-element_type=\"widget\" data-e-type=\"widget\" data-settings=\"{&quot;ekit_we_effect_on&quot;:&quot;none&quot;}\" data-widget_type=\"text-editor.default\">\n\t\t\t\t<div class=\"elementor-widget-container\">\n\t\t\t\t\t\t\t\t\t<p>No dia 14 de junho, no Anfiteatro Princial do Instituto de Psiquiatria do Hospital das Cl\u00ednicas da FMUSP, ocorrer\u00e1 o semin\u00e1rio internacional sobre estrat\u00e9gia de redu\u00e7\u00e3o do consumo nocivo de \u00e1lcool no Brasil. Ser\u00e3o discutidos m\u00e9todos de preven\u00e7\u00e3o ao consumo de \u00e1lcool por menores, seguran\u00e7a vi\u00e1ria, mudan\u00e7as de h\u00e1bitos de consumo entre outros temas da \u00e1rea.<\/p>\n<p>O embaixador do Brasil na OEA estar\u00e1 presente entre os convidados, quem foi o representante do Brasil no encontro da OMS que redigiu um relat\u00f3rio que acabou de ser lan\u00e7ado com as diretrizes globais para a pr\u00f3xima d\u00e9cada na preven\u00e7\u00e3o ao consumo nocivo de \u00e1lcool.<\/p>\t\t\t\t\t\t\t\t<\/div>\n\t\t\t\t<\/div>\n\t\t\t\t\t<\/div>\n\t\t<\/div>\n\t\t\t\t\t<\/div>\n\t\t<\/section>\n\t\t\t\t<section class=\"elementor-section elementor-top-section elementor-element elementor-element-0e8e7b7 elementor-section-boxed elementor-section-height-default elementor-section-height-default\" data-id=\"0e8e7b7\" data-element_type=\"section\" data-e-type=\"section\" data-settings=\"{&quot;ekit_has_onepagescroll_dot&quot;:&quot;yes&quot;}\">\n\t\t\t\t\t\t<div class=\"elementor-container elementor-column-gap-default\">\n\t\t\t\t\t<div class=\"elementor-column elementor-col-100 elementor-top-column elementor-element elementor-element-332c309\" data-id=\"332c309\" data-element_type=\"column\" data-e-type=\"column\">\n\t\t\t<div class=\"elementor-widget-wrap elementor-element-populated\">\n\t\t\t\t\t\t<div class=\"elementor-element elementor-element-edf38bd elementor-widget elementor-widget-image\" data-id=\"edf38bd\" data-element_type=\"widget\" data-e-type=\"widget\" data-settings=\"{&quot;ekit_we_effect_on&quot;:&quot;none&quot;}\" data-widget_type=\"image.default\">\n\t\t\t\t<div class=\"elementor-widget-container\">\n\t\t\t\t\t\t\t\t\t\t\t\t\t\t\t<img fetchpriority=\"high\" decoding=\"async\" width=\"440\" height=\"1024\" src=\"https:\/\/esem.org.br\/wp-content\/uploads\/2022\/10\/01-1-440x1024.png\" class=\"attachment-large size-large wp-image-429\" alt=\"\" srcset=\"https:\/\/esem.org.br\/wp-content\/uploads\/2022\/10\/01-1-440x1024.png 440w, https:\/\/esem.org.br\/wp-content\/uploads\/2022\/10\/01-1-129x300.png 129w, https:\/\/esem.org.br\/wp-content\/uploads\/2022\/10\/01-1.png 498w\" sizes=\"(max-width: 440px) 100vw, 440px\" \/>\t\t\t\t\t\t\t\t\t\t\t\t\t\t\t<\/div>\n\t\t\t\t<\/div>\n\t\t\t\t\t<\/div>\n\t\t<\/div>\n\t\t\t\t\t<\/div>\n\t\t<\/section>\n\t\t\t\t<\/div>\n\t\t","protected":false},"excerpt":{"rendered":"<p>14 de junho de 2022 No dia 14 de junho, no Anfiteatro Princial do Instituto de Psiquiatria do Hospital das Cl\u00ednicas da FMUSP, ocorrer\u00e1 o semin\u00e1rio internacional sobre estrat\u00e9gia de redu\u00e7\u00e3o do consumo nocivo de \u00e1lcool no Brasil. Ser\u00e3o discutidos m\u00e9todos de preven\u00e7\u00e3o ao consumo de \u00e1lcool por menores, seguran\u00e7a vi\u00e1ria, mudan\u00e7as de h\u00e1bitos de [&hellip;]<\/p>\n","protected":false},"author":1,"featured_media":426,"comment_status":"closed","ping_status":"open","sticky":false,"template":"","format":"standard","meta":{"footnotes":""},"categories":[9],"tags":[],"class_list":["post-425","post","type-post","status-publish","format-standard","has-post-thumbnail","hentry","category-noticias"],"yoast_head":"<!-- This site is optimized with the Yoast SEO plugin v27.4 - https:\/\/yoast.com\/product\/yoast-seo-wordpress\/ -->\n<title>Divulga\u00e7\u00e3o do Semin\u00e1rio Internacional sobre \u00c1lcool e seus Impactos na Sociedade - ESEM<\/title>\n<meta name=\"description\" content=\"A Escola de Seguran\u00e7a Multidimensional (ESEM) faz parte do Instituto de Rela\u00e7\u00f5es Internacionais (IRI) da Universidade de S\u00e3o Paulo (USP).\" \/>\n<meta name=\"robots\" content=\"index, follow, max-snippet:-1, max-image-preview:large, max-video-preview:-1\" \/>\n<link rel=\"canonical\" href=\"https:\/\/esem.org.br\/pt\/divulgacao-do-seminario-internacional-sobre-alcool-e-seus-impactos-na-sociedade\/\" \/>\n<meta property=\"og:locale\" content=\"pt_BR\" \/>\n<meta property=\"og:type\" content=\"article\" \/>\n<meta property=\"og:title\" content=\"Divulga\u00e7\u00e3o do Semin\u00e1rio Internacional sobre \u00c1lcool e seus Impactos na Sociedade - ESEM\" \/>\n<meta property=\"og:description\" content=\"A Escola de Seguran\u00e7a Multidimensional (ESEM) faz parte do Instituto de Rela\u00e7\u00f5es Internacionais (IRI) da Universidade de S\u00e3o Paulo (USP).\" \/>\n<meta property=\"og:url\" content=\"https:\/\/esem.org.br\/pt\/divulgacao-do-seminario-internacional-sobre-alcool-e-seus-impactos-na-sociedade\/\" \/>\n<meta property=\"og:site_name\" content=\"ESEM\" \/>\n<meta property=\"article:published_time\" content=\"2022-06-14T20:25:33+00:00\" \/>\n<meta property=\"article:modified_time\" content=\"2022-10-04T20:40:36+00:00\" \/>\n<meta property=\"og:image\" content=\"https:\/\/esem.org.br\/wp-content\/uploads\/2022\/10\/01.png\" \/>\n\t<meta property=\"og:image:width\" content=\"498\" \/>\n\t<meta property=\"og:image:height\" content=\"1159\" \/>\n\t<meta property=\"og:image:type\" content=\"image\/png\" \/>\n<meta name=\"author\" content=\"admin\" \/>\n<meta name=\"twitter:card\" content=\"summary_large_image\" \/>\n<meta name=\"twitter:label1\" content=\"Escrito por\" \/>\n\t<meta name=\"twitter:data1\" content=\"admin\" \/>\n\t<meta name=\"twitter:label2\" content=\"Est. tempo de leitura\" \/>\n\t<meta name=\"twitter:data2\" content=\"1 minuto\" \/>\n<script type=\"application\/ld+json\" class=\"yoast-schema-graph\">{\"@context\":\"https:\\\/\\\/schema.org\",\"@graph\":[{\"@type\":\"Article\",\"@id\":\"https:\\\/\\\/esem.org.br\\\/divulgacao-do-seminario-internacional-sobre-alcool-e-seus-impactos-na-sociedade\\\/#article\",\"isPartOf\":{\"@id\":\"https:\\\/\\\/esem.org.br\\\/divulgacao-do-seminario-internacional-sobre-alcool-e-seus-impactos-na-sociedade\\\/\"},\"author\":{\"name\":\"admin\",\"@id\":\"https:\\\/\\\/esem.org.br\\\/pt\\\/#\\\/schema\\\/person\\\/e205b78049d24c9f719863aaefefb174\"},\"headline\":\"Divulga\u00e7\u00e3o do Semin\u00e1rio Internacional sobre \u00c1lcool e seus Impactos na Sociedade\",\"datePublished\":\"2022-06-14T20:25:33+00:00\",\"dateModified\":\"2022-10-04T20:40:36+00:00\",\"mainEntityOfPage\":{\"@id\":\"https:\\\/\\\/esem.org.br\\\/divulgacao-do-seminario-internacional-sobre-alcool-e-seus-impactos-na-sociedade\\\/\"},\"wordCount\":132,\"publisher\":{\"@id\":\"https:\\\/\\\/esem.org.br\\\/pt\\\/#organization\"},\"image\":{\"@id\":\"https:\\\/\\\/esem.org.br\\\/divulgacao-do-seminario-internacional-sobre-alcool-e-seus-impactos-na-sociedade\\\/#primaryimage\"},\"thumbnailUrl\":\"https:\\\/\\\/esem.org.br\\\/wp-content\\\/uploads\\\/2022\\\/10\\\/01.png\",\"articleSection\":[\"Not\u00edcias\"],\"inLanguage\":\"pt-BR\"},{\"@type\":\"WebPage\",\"@id\":\"https:\\\/\\\/esem.org.br\\\/divulgacao-do-seminario-internacional-sobre-alcool-e-seus-impactos-na-sociedade\\\/\",\"url\":\"https:\\\/\\\/esem.org.br\\\/divulgacao-do-seminario-internacional-sobre-alcool-e-seus-impactos-na-sociedade\\\/\",\"name\":\"Divulga\u00e7\u00e3o do Semin\u00e1rio Internacional sobre \u00c1lcool e seus Impactos na Sociedade - ESEM\",\"isPartOf\":{\"@id\":\"https:\\\/\\\/esem.org.br\\\/pt\\\/#website\"},\"primaryImageOfPage\":{\"@id\":\"https:\\\/\\\/esem.org.br\\\/divulgacao-do-seminario-internacional-sobre-alcool-e-seus-impactos-na-sociedade\\\/#primaryimage\"},\"image\":{\"@id\":\"https:\\\/\\\/esem.org.br\\\/divulgacao-do-seminario-internacional-sobre-alcool-e-seus-impactos-na-sociedade\\\/#primaryimage\"},\"thumbnailUrl\":\"https:\\\/\\\/esem.org.br\\\/wp-content\\\/uploads\\\/2022\\\/10\\\/01.png\",\"datePublished\":\"2022-06-14T20:25:33+00:00\",\"dateModified\":\"2022-10-04T20:40:36+00:00\",\"description\":\"A Escola de Seguran\u00e7a Multidimensional (ESEM) faz parte do Instituto de Rela\u00e7\u00f5es Internacionais (IRI) da Universidade de S\u00e3o Paulo (USP).\",\"breadcrumb\":{\"@id\":\"https:\\\/\\\/esem.org.br\\\/divulgacao-do-seminario-internacional-sobre-alcool-e-seus-impactos-na-sociedade\\\/#breadcrumb\"},\"inLanguage\":\"pt-BR\",\"potentialAction\":[{\"@type\":\"ReadAction\",\"target\":[\"https:\\\/\\\/esem.org.br\\\/divulgacao-do-seminario-internacional-sobre-alcool-e-seus-impactos-na-sociedade\\\/\"]}]},{\"@type\":\"ImageObject\",\"inLanguage\":\"pt-BR\",\"@id\":\"https:\\\/\\\/esem.org.br\\\/divulgacao-do-seminario-internacional-sobre-alcool-e-seus-impactos-na-sociedade\\\/#primaryimage\",\"url\":\"https:\\\/\\\/esem.org.br\\\/wp-content\\\/uploads\\\/2022\\\/10\\\/01.png\",\"contentUrl\":\"https:\\\/\\\/esem.org.br\\\/wp-content\\\/uploads\\\/2022\\\/10\\\/01.png\",\"width\":498,\"height\":1159},{\"@type\":\"BreadcrumbList\",\"@id\":\"https:\\\/\\\/esem.org.br\\\/divulgacao-do-seminario-internacional-sobre-alcool-e-seus-impactos-na-sociedade\\\/#breadcrumb\",\"itemListElement\":[{\"@type\":\"ListItem\",\"position\":1,\"name\":\"In\u00edcio\",\"item\":\"https:\\\/\\\/esem.org.br\\\/\"},{\"@type\":\"ListItem\",\"position\":2,\"name\":\"Divulga\u00e7\u00e3o do Semin\u00e1rio Internacional sobre \u00c1lcool e seus Impactos na Sociedade\"}]},{\"@type\":\"WebSite\",\"@id\":\"https:\\\/\\\/esem.org.br\\\/pt\\\/#website\",\"url\":\"https:\\\/\\\/esem.org.br\\\/pt\\\/\",\"name\":\"ESEM Escola de Seguran\u00e7a Multidimensional\",\"description\":\"Escola de Seguran\u00e7a Multidimensional\",\"publisher\":{\"@id\":\"https:\\\/\\\/esem.org.br\\\/pt\\\/#organization\"},\"potentialAction\":[{\"@type\":\"SearchAction\",\"target\":{\"@type\":\"EntryPoint\",\"urlTemplate\":\"https:\\\/\\\/esem.org.br\\\/pt\\\/?s={search_term_string}\"},\"query-input\":{\"@type\":\"PropertyValueSpecification\",\"valueRequired\":true,\"valueName\":\"search_term_string\"}}],\"inLanguage\":\"pt-BR\"},{\"@type\":\"Organization\",\"@id\":\"https:\\\/\\\/esem.org.br\\\/pt\\\/#organization\",\"name\":\"ESEM Escola de Seguran\u00e7a Multidimensional\",\"url\":\"https:\\\/\\\/esem.org.br\\\/pt\\\/\",\"logo\":{\"@type\":\"ImageObject\",\"inLanguage\":\"pt-BR\",\"@id\":\"https:\\\/\\\/esem.org.br\\\/pt\\\/#\\\/schema\\\/logo\\\/image\\\/\",\"url\":\"https:\\\/\\\/esem.org.br\\\/wp-content\\\/uploads\\\/2022\\\/09\\\/Copia-de-WhatsApp-Image-2021-05-24-at-17.04.17-e1663853541820.jpeg\",\"contentUrl\":\"https:\\\/\\\/esem.org.br\\\/wp-content\\\/uploads\\\/2022\\\/09\\\/Copia-de-WhatsApp-Image-2021-05-24-at-17.04.17-e1663853541820.jpeg\",\"width\":739,\"height\":966,\"caption\":\"ESEM Escola de Seguran\u00e7a Multidimensional\"},\"image\":{\"@id\":\"https:\\\/\\\/esem.org.br\\\/pt\\\/#\\\/schema\\\/logo\\\/image\\\/\"}},{\"@type\":\"Person\",\"@id\":\"https:\\\/\\\/esem.org.br\\\/pt\\\/#\\\/schema\\\/person\\\/e205b78049d24c9f719863aaefefb174\",\"name\":\"admin\",\"image\":{\"@type\":\"ImageObject\",\"inLanguage\":\"pt-BR\",\"@id\":\"https:\\\/\\\/secure.gravatar.com\\\/avatar\\\/0326793483408f4e835790807584e1aca258987a62f70a0b083ffd73bea4a891?s=96&d=mm&r=g\",\"url\":\"https:\\\/\\\/secure.gravatar.com\\\/avatar\\\/0326793483408f4e835790807584e1aca258987a62f70a0b083ffd73bea4a891?s=96&d=mm&r=g\",\"contentUrl\":\"https:\\\/\\\/secure.gravatar.com\\\/avatar\\\/0326793483408f4e835790807584e1aca258987a62f70a0b083ffd73bea4a891?s=96&d=mm&r=g\",\"caption\":\"admin\"},\"sameAs\":[\"https:\\\/\\\/esem.org.br\"],\"url\":\"https:\\\/\\\/esem.org.br\\\/pt\\\/author\\\/admin\\\/\"}]}<\/script>\n<!-- \/ Yoast SEO plugin. -->","yoast_head_json":{"title":"Divulga\u00e7\u00e3o do Semin\u00e1rio Internacional sobre \u00c1lcool e seus Impactos na Sociedade - ESEM","description":"A Escola de Seguran\u00e7a Multidimensional (ESEM) faz parte do Instituto de Rela\u00e7\u00f5es Internacionais (IRI) da Universidade de S\u00e3o Paulo (USP).","robots":{"index":"index","follow":"follow","max-snippet":"max-snippet:-1","max-image-preview":"max-image-preview:large","max-video-preview":"max-video-preview:-1"},"canonical":"https:\/\/esem.org.br\/pt\/divulgacao-do-seminario-internacional-sobre-alcool-e-seus-impactos-na-sociedade\/","og_locale":"pt_BR","og_type":"article","og_title":"Divulga\u00e7\u00e3o do Semin\u00e1rio Internacional sobre \u00c1lcool e seus Impactos na Sociedade - ESEM","og_description":"A Escola de Seguran\u00e7a Multidimensional (ESEM) faz parte do Instituto de Rela\u00e7\u00f5es Internacionais (IRI) da Universidade de S\u00e3o Paulo (USP).","og_url":"https:\/\/esem.org.br\/pt\/divulgacao-do-seminario-internacional-sobre-alcool-e-seus-impactos-na-sociedade\/","og_site_name":"ESEM","article_published_time":"2022-06-14T20:25:33+00:00","article_modified_time":"2022-10-04T20:40:36+00:00","og_image":[{"width":498,"height":1159,"url":"https:\/\/esem.org.br\/wp-content\/uploads\/2022\/10\/01.png","type":"image\/png"}],"author":"admin","twitter_card":"summary_large_image","twitter_misc":{"Escrito por":"admin","Est. tempo de leitura":"1 minuto"},"schema":{"@context":"https:\/\/schema.org","@graph":[{"@type":"Article","@id":"https:\/\/esem.org.br\/divulgacao-do-seminario-internacional-sobre-alcool-e-seus-impactos-na-sociedade\/#article","isPartOf":{"@id":"https:\/\/esem.org.br\/divulgacao-do-seminario-internacional-sobre-alcool-e-seus-impactos-na-sociedade\/"},"author":{"name":"admin","@id":"https:\/\/esem.org.br\/pt\/#\/schema\/person\/e205b78049d24c9f719863aaefefb174"},"headline":"Divulga\u00e7\u00e3o do Semin\u00e1rio Internacional sobre \u00c1lcool e seus Impactos na Sociedade","datePublished":"2022-06-14T20:25:33+00:00","dateModified":"2022-10-04T20:40:36+00:00","mainEntityOfPage":{"@id":"https:\/\/esem.org.br\/divulgacao-do-seminario-internacional-sobre-alcool-e-seus-impactos-na-sociedade\/"},"wordCount":132,"publisher":{"@id":"https:\/\/esem.org.br\/pt\/#organization"},"image":{"@id":"https:\/\/esem.org.br\/divulgacao-do-seminario-internacional-sobre-alcool-e-seus-impactos-na-sociedade\/#primaryimage"},"thumbnailUrl":"https:\/\/esem.org.br\/wp-content\/uploads\/2022\/10\/01.png","articleSection":["Not\u00edcias"],"inLanguage":"pt-BR"},{"@type":"WebPage","@id":"https:\/\/esem.org.br\/divulgacao-do-seminario-internacional-sobre-alcool-e-seus-impactos-na-sociedade\/","url":"https:\/\/esem.org.br\/divulgacao-do-seminario-internacional-sobre-alcool-e-seus-impactos-na-sociedade\/","name":"Divulga\u00e7\u00e3o do Semin\u00e1rio Internacional sobre \u00c1lcool e seus Impactos na Sociedade - ESEM","isPartOf":{"@id":"https:\/\/esem.org.br\/pt\/#website"},"primaryImageOfPage":{"@id":"https:\/\/esem.org.br\/divulgacao-do-seminario-internacional-sobre-alcool-e-seus-impactos-na-sociedade\/#primaryimage"},"image":{"@id":"https:\/\/esem.org.br\/divulgacao-do-seminario-internacional-sobre-alcool-e-seus-impactos-na-sociedade\/#primaryimage"},"thumbnailUrl":"https:\/\/esem.org.br\/wp-content\/uploads\/2022\/10\/01.png","datePublished":"2022-06-14T20:25:33+00:00","dateModified":"2022-10-04T20:40:36+00:00","description":"A Escola de Seguran\u00e7a Multidimensional (ESEM) faz parte do Instituto de Rela\u00e7\u00f5es Internacionais (IRI) da Universidade de S\u00e3o Paulo (USP).","breadcrumb":{"@id":"https:\/\/esem.org.br\/divulgacao-do-seminario-internacional-sobre-alcool-e-seus-impactos-na-sociedade\/#breadcrumb"},"inLanguage":"pt-BR","potentialAction":[{"@type":"ReadAction","target":["https:\/\/esem.org.br\/divulgacao-do-seminario-internacional-sobre-alcool-e-seus-impactos-na-sociedade\/"]}]},{"@type":"ImageObject","inLanguage":"pt-BR","@id":"https:\/\/esem.org.br\/divulgacao-do-seminario-internacional-sobre-alcool-e-seus-impactos-na-sociedade\/#primaryimage","url":"https:\/\/esem.org.br\/wp-content\/uploads\/2022\/10\/01.png","contentUrl":"https:\/\/esem.org.br\/wp-content\/uploads\/2022\/10\/01.png","width":498,"height":1159},{"@type":"BreadcrumbList","@id":"https:\/\/esem.org.br\/divulgacao-do-seminario-internacional-sobre-alcool-e-seus-impactos-na-sociedade\/#breadcrumb","itemListElement":[{"@type":"ListItem","position":1,"name":"In\u00edcio","item":"https:\/\/esem.org.br\/"},{"@type":"ListItem","position":2,"name":"Divulga\u00e7\u00e3o do Semin\u00e1rio Internacional sobre \u00c1lcool e seus Impactos na Sociedade"}]},{"@type":"WebSite","@id":"https:\/\/esem.org.br\/pt\/#website","url":"https:\/\/esem.org.br\/pt\/","name":"ESEM Escola de Seguran\u00e7a Multidimensional","description":"Escola de Seguran\u00e7a Multidimensional","publisher":{"@id":"https:\/\/esem.org.br\/pt\/#organization"},"potentialAction":[{"@type":"SearchAction","target":{"@type":"EntryPoint","urlTemplate":"https:\/\/esem.org.br\/pt\/?s={search_term_string}"},"query-input":{"@type":"PropertyValueSpecification","valueRequired":true,"valueName":"search_term_string"}}],"inLanguage":"pt-BR"},{"@type":"Organization","@id":"https:\/\/esem.org.br\/pt\/#organization","name":"ESEM Escola de Seguran\u00e7a Multidimensional","url":"https:\/\/esem.org.br\/pt\/","logo":{"@type":"ImageObject","inLanguage":"pt-BR","@id":"https:\/\/esem.org.br\/pt\/#\/schema\/logo\/image\/","url":"https:\/\/esem.org.br\/wp-content\/uploads\/2022\/09\/Copia-de-WhatsApp-Image-2021-05-24-at-17.04.17-e1663853541820.jpeg","contentUrl":"https:\/\/esem.org.br\/wp-content\/uploads\/2022\/09\/Copia-de-WhatsApp-Image-2021-05-24-at-17.04.17-e1663853541820.jpeg","width":739,"height":966,"caption":"ESEM Escola de Seguran\u00e7a Multidimensional"},"image":{"@id":"https:\/\/esem.org.br\/pt\/#\/schema\/logo\/image\/"}},{"@type":"Person","@id":"https:\/\/esem.org.br\/pt\/#\/schema\/person\/e205b78049d24c9f719863aaefefb174","name":"admin","image":{"@type":"ImageObject","inLanguage":"pt-BR","@id":"https:\/\/secure.gravatar.com\/avatar\/0326793483408f4e835790807584e1aca258987a62f70a0b083ffd73bea4a891?s=96&d=mm&r=g","url":"https:\/\/secure.gravatar.com\/avatar\/0326793483408f4e835790807584e1aca258987a62f70a0b083ffd73bea4a891?s=96&d=mm&r=g","contentUrl":"https:\/\/secure.gravatar.com\/avatar\/0326793483408f4e835790807584e1aca258987a62f70a0b083ffd73bea4a891?s=96&d=mm&r=g","caption":"admin"},"sameAs":["https:\/\/esem.org.br"],"url":"https:\/\/esem.org.br\/pt\/author\/admin\/"}]}},"_links":{"self":[{"href":"https:\/\/esem.org.br\/pt\/wp-json\/wp\/v2\/posts\/425","targetHints":{"allow":["GET"]}}],"collection":[{"href":"https:\/\/esem.org.br\/pt\/wp-json\/wp\/v2\/posts"}],"about":[{"href":"https:\/\/esem.org.br\/pt\/wp-json\/wp\/v2\/types\/post"}],"author":[{"embeddable":true,"href":"https:\/\/esem.org.br\/pt\/wp-json\/wp\/v2\/users\/1"}],"replies":[{"embeddable":true,"href":"https:\/\/esem.org.br\/pt\/wp-json\/wp\/v2\/comments?post=425"}],"version-history":[{"count":5,"href":"https:\/\/esem.org.br\/pt\/wp-json\/wp\/v2\/posts\/425\/revisions"}],"predecessor-version":[{"id":435,"href":"https:\/\/esem.org.br\/pt\/wp-json\/wp\/v2\/posts\/425\/revisions\/435"}],"wp:featuredmedia":[{"embeddable":true,"href":"https:\/\/esem.org.br\/pt\/wp-json\/wp\/v2\/media\/426"}],"wp:attachment":[{"href":"https:\/\/esem.org.br\/pt\/wp-json\/wp\/v2\/media?parent=425"}],"wp:term":[{"taxonomy":"category","embeddable":true,"href":"https:\/\/esem.org.br\/pt\/wp-json\/wp\/v2\/categories?post=425"},{"taxonomy":"post_tag","embeddable":true,"href":"https:\/\/esem.org.br\/pt\/wp-json\/wp\/v2\/tags?post=425"}],"curies":[{"name":"wp","href":"https:\/\/api.w.org\/{rel}","templated":true}]}}