{"id":446,"date":"2022-06-01T17:38:22","date_gmt":"2022-06-01T20:38:22","guid":{"rendered":"https:\/\/esem.org.br\/?p=446"},"modified":"2022-10-04T17:40:56","modified_gmt":"2022-10-04T20:40:56","slug":"nota-de-solidariedade","status":"publish","type":"post","link":"https:\/\/esem.org.br\/pt\/nota-de-solidariedade\/","title":{"rendered":"Nota de Solidariedade"},"content":{"rendered":"\t\t<div data-elementor-type=\"wp-post\" data-elementor-id=\"446\" class=\"elementor elementor-446\" data-elementor-post-type=\"post\">\n\t\t\t\t\t\t<section class=\"elementor-section elementor-top-section elementor-element elementor-element-25b55a5 elementor-section-boxed elementor-section-height-default elementor-section-height-default\" data-id=\"25b55a5\" data-element_type=\"section\" data-e-type=\"section\" data-settings=\"{&quot;ekit_has_onepagescroll_dot&quot;:&quot;yes&quot;}\">\n\t\t\t\t\t\t<div class=\"elementor-container elementor-column-gap-default\">\n\t\t\t\t\t<div class=\"elementor-column elementor-col-100 elementor-top-column elementor-element elementor-element-b8ac09a\" data-id=\"b8ac09a\" data-element_type=\"column\" data-e-type=\"column\">\n\t\t\t<div class=\"elementor-widget-wrap elementor-element-populated\">\n\t\t\t\t\t\t<div class=\"elementor-element elementor-element-1efe526 elementor-widget elementor-widget-text-editor\" data-id=\"1efe526\" data-element_type=\"widget\" data-e-type=\"widget\" data-settings=\"{&quot;ekit_we_effect_on&quot;:&quot;none&quot;}\" data-widget_type=\"text-editor.default\">\n\t\t\t\t<div class=\"elementor-widget-container\">\n\t\t\t\t\t\t\t\t\t<p>\u00a0<\/p><p>Prezadas e prezados parceiros da Escola de Seguran\u00e7a Multidimensional, na qualidade de institui\u00e7\u00e3o de forma\u00e7\u00e3o de agentes de seguran\u00e7a, gostar\u00edamos de prestar nossa solidariedade ao instrutor do curso Seguran\u00e7a Multidimensional nas Fronteiras, o Sr. Fernando Ariel Ruiz D\u00edaz Ortega, que ministrou a aula \u201cAmbiente Institucional para a Coopera\u00e7\u00e3o\u201d do m\u00f3dulo \u201cLegisla\u00e7\u00e3o e Protocolos de Coopera\u00e7\u00e3o, Integra\u00e7\u00e3o e Seguran\u00e7a da Tr\u00edplice Fronteira\u201d.<\/p><p>\u00a0<\/p><p>\u00a0No dia 25 de abril de 2022, no distrito de Juan Le\u00f3n Mallorqu\u00edn, departamento do Alto do Paran\u00e1, Paraguai, o comiss\u00e1rio Fernando Ariel Ruiz D\u00edaz Ortega sofreu um ataque a tiros, que atingiu principalmente a frente do ve\u00edculo que dirigia. Nenhum o atingiu diretamente e os supostos autores do ataque fugiram.<\/p><p>\u00a0<\/p><p>Ficamos sensibilizados pelo acontecimento e desejamos que o comiss\u00e1rio Fernando Ariel Ru\u00edz D\u00edaz Ortega esteja bem.<\/p><p>\u00a0<\/p><p>Como parceiro da ESEM, ele se prontificou a disponibilizar materiais did\u00e1ticos e a gravar uma aula para o conte\u00fado acad\u00eamico do curso online Seguran\u00e7a Multidimensional nas Fronteiras, contribuindo para a forma\u00e7\u00e3o de mais de mais de 4.500 agentes de seguran\u00e7a da Am\u00e9rica Latina.<\/p>\t\t\t\t\t\t\t\t<\/div>\n\t\t\t\t<\/div>\n\t\t\t\t\t<\/div>\n\t\t<\/div>\n\t\t\t\t\t<\/div>\n\t\t<\/section>\n\t\t\t\t<\/div>\n\t\t","protected":false},"excerpt":{"rendered":"<p>\u00a0 Prezadas e prezados parceiros da Escola de Seguran\u00e7a Multidimensional, na qualidade de institui\u00e7\u00e3o de forma\u00e7\u00e3o de agentes de seguran\u00e7a, gostar\u00edamos de prestar nossa solidariedade ao instrutor do curso Seguran\u00e7a Multidimensional nas Fronteiras, o Sr. Fernando Ariel Ruiz D\u00edaz Ortega, que ministrou a aula \u201cAmbiente Institucional para a Coopera\u00e7\u00e3o\u201d do m\u00f3dulo \u201cLegisla\u00e7\u00e3o e Protocolos de [&hellip;]<\/p>\n","protected":false},"author":1,"featured_media":447,"comment_status":"closed","ping_status":"open","sticky":false,"template":"","format":"standard","meta":{"footnotes":""},"categories":[9],"tags":[],"class_list":["post-446","post","type-post","status-publish","format-standard","has-post-thumbnail","hentry","category-noticias"],"yoast_head":"<!-- This site is optimized with the Yoast SEO plugin v27.4 - https:\/\/yoast.com\/product\/yoast-seo-wordpress\/ -->\n<title>Nota de Solidariedade - ESEM<\/title>\n<meta name=\"description\" content=\"A Escola de Seguran\u00e7a Multidimensional (ESEM) faz parte do Instituto de Rela\u00e7\u00f5es Internacionais (IRI) da Universidade de S\u00e3o Paulo (USP).\" \/>\n<meta name=\"robots\" content=\"index, follow, max-snippet:-1, max-image-preview:large, max-video-preview:-1\" \/>\n<link rel=\"canonical\" href=\"https:\/\/esem.org.br\/pt\/nota-de-solidariedade\/\" \/>\n<meta property=\"og:locale\" content=\"pt_BR\" \/>\n<meta property=\"og:type\" content=\"article\" \/>\n<meta property=\"og:title\" content=\"Nota de Solidariedade - ESEM\" \/>\n<meta property=\"og:description\" content=\"A Escola de Seguran\u00e7a Multidimensional (ESEM) faz parte do Instituto de Rela\u00e7\u00f5es Internacionais (IRI) da Universidade de S\u00e3o Paulo (USP).\" \/>\n<meta property=\"og:url\" content=\"https:\/\/esem.org.br\/pt\/nota-de-solidariedade\/\" \/>\n<meta property=\"og:site_name\" content=\"ESEM\" \/>\n<meta property=\"article:published_time\" content=\"2022-06-01T20:38:22+00:00\" \/>\n<meta property=\"article:modified_time\" content=\"2022-10-04T20:40:56+00:00\" \/>\n<meta property=\"og:image\" content=\"https:\/\/esem.org.br\/wp-content\/uploads\/2022\/10\/AORDNLWEOJEXRM7DSEUEARGA2U.jpeg\" \/>\n\t<meta property=\"og:image:width\" content=\"790\" \/>\n\t<meta property=\"og:image:height\" content=\"701\" \/>\n\t<meta property=\"og:image:type\" content=\"image\/jpeg\" \/>\n<meta name=\"author\" content=\"admin\" \/>\n<meta name=\"twitter:card\" content=\"summary_large_image\" \/>\n<meta name=\"twitter:label1\" content=\"Escrito por\" \/>\n\t<meta name=\"twitter:data1\" content=\"admin\" \/>\n\t<meta name=\"twitter:label2\" content=\"Est. tempo de leitura\" \/>\n\t<meta name=\"twitter:data2\" content=\"1 minuto\" \/>\n<script type=\"application\/ld+json\" class=\"yoast-schema-graph\">{\"@context\":\"https:\\\/\\\/schema.org\",\"@graph\":[{\"@type\":\"Article\",\"@id\":\"https:\\\/\\\/esem.org.br\\\/nota-de-solidariedade\\\/#article\",\"isPartOf\":{\"@id\":\"https:\\\/\\\/esem.org.br\\\/nota-de-solidariedade\\\/\"},\"author\":{\"name\":\"admin\",\"@id\":\"https:\\\/\\\/esem.org.br\\\/pt\\\/#\\\/schema\\\/person\\\/e205b78049d24c9f719863aaefefb174\"},\"headline\":\"Nota de Solidariedade\",\"datePublished\":\"2022-06-01T20:38:22+00:00\",\"dateModified\":\"2022-10-04T20:40:56+00:00\",\"mainEntityOfPage\":{\"@id\":\"https:\\\/\\\/esem.org.br\\\/nota-de-solidariedade\\\/\"},\"wordCount\":200,\"publisher\":{\"@id\":\"https:\\\/\\\/esem.org.br\\\/pt\\\/#organization\"},\"image\":{\"@id\":\"https:\\\/\\\/esem.org.br\\\/nota-de-solidariedade\\\/#primaryimage\"},\"thumbnailUrl\":\"https:\\\/\\\/esem.org.br\\\/wp-content\\\/uploads\\\/2022\\\/10\\\/AORDNLWEOJEXRM7DSEUEARGA2U.jpeg\",\"articleSection\":[\"Not\u00edcias\"],\"inLanguage\":\"pt-BR\"},{\"@type\":\"WebPage\",\"@id\":\"https:\\\/\\\/esem.org.br\\\/nota-de-solidariedade\\\/\",\"url\":\"https:\\\/\\\/esem.org.br\\\/nota-de-solidariedade\\\/\",\"name\":\"Nota de Solidariedade - ESEM\",\"isPartOf\":{\"@id\":\"https:\\\/\\\/esem.org.br\\\/pt\\\/#website\"},\"primaryImageOfPage\":{\"@id\":\"https:\\\/\\\/esem.org.br\\\/nota-de-solidariedade\\\/#primaryimage\"},\"image\":{\"@id\":\"https:\\\/\\\/esem.org.br\\\/nota-de-solidariedade\\\/#primaryimage\"},\"thumbnailUrl\":\"https:\\\/\\\/esem.org.br\\\/wp-content\\\/uploads\\\/2022\\\/10\\\/AORDNLWEOJEXRM7DSEUEARGA2U.jpeg\",\"datePublished\":\"2022-06-01T20:38:22+00:00\",\"dateModified\":\"2022-10-04T20:40:56+00:00\",\"description\":\"A Escola de Seguran\u00e7a Multidimensional (ESEM) faz parte do Instituto de Rela\u00e7\u00f5es Internacionais (IRI) da Universidade de S\u00e3o Paulo (USP).\",\"breadcrumb\":{\"@id\":\"https:\\\/\\\/esem.org.br\\\/nota-de-solidariedade\\\/#breadcrumb\"},\"inLanguage\":\"pt-BR\",\"potentialAction\":[{\"@type\":\"ReadAction\",\"target\":[\"https:\\\/\\\/esem.org.br\\\/nota-de-solidariedade\\\/\"]}]},{\"@type\":\"ImageObject\",\"inLanguage\":\"pt-BR\",\"@id\":\"https:\\\/\\\/esem.org.br\\\/nota-de-solidariedade\\\/#primaryimage\",\"url\":\"https:\\\/\\\/esem.org.br\\\/wp-content\\\/uploads\\\/2022\\\/10\\\/AORDNLWEOJEXRM7DSEUEARGA2U.jpeg\",\"contentUrl\":\"https:\\\/\\\/esem.org.br\\\/wp-content\\\/uploads\\\/2022\\\/10\\\/AORDNLWEOJEXRM7DSEUEARGA2U.jpeg\",\"width\":790,\"height\":701},{\"@type\":\"BreadcrumbList\",\"@id\":\"https:\\\/\\\/esem.org.br\\\/nota-de-solidariedade\\\/#breadcrumb\",\"itemListElement\":[{\"@type\":\"ListItem\",\"position\":1,\"name\":\"In\u00edcio\",\"item\":\"https:\\\/\\\/esem.org.br\\\/\"},{\"@type\":\"ListItem\",\"position\":2,\"name\":\"Nota de Solidariedade\"}]},{\"@type\":\"WebSite\",\"@id\":\"https:\\\/\\\/esem.org.br\\\/pt\\\/#website\",\"url\":\"https:\\\/\\\/esem.org.br\\\/pt\\\/\",\"name\":\"ESEM Escola de Seguran\u00e7a Multidimensional\",\"description\":\"Escola de Seguran\u00e7a Multidimensional\",\"publisher\":{\"@id\":\"https:\\\/\\\/esem.org.br\\\/pt\\\/#organization\"},\"potentialAction\":[{\"@type\":\"SearchAction\",\"target\":{\"@type\":\"EntryPoint\",\"urlTemplate\":\"https:\\\/\\\/esem.org.br\\\/pt\\\/?s={search_term_string}\"},\"query-input\":{\"@type\":\"PropertyValueSpecification\",\"valueRequired\":true,\"valueName\":\"search_term_string\"}}],\"inLanguage\":\"pt-BR\"},{\"@type\":\"Organization\",\"@id\":\"https:\\\/\\\/esem.org.br\\\/pt\\\/#organization\",\"name\":\"ESEM Escola de Seguran\u00e7a Multidimensional\",\"url\":\"https:\\\/\\\/esem.org.br\\\/pt\\\/\",\"logo\":{\"@type\":\"ImageObject\",\"inLanguage\":\"pt-BR\",\"@id\":\"https:\\\/\\\/esem.org.br\\\/pt\\\/#\\\/schema\\\/logo\\\/image\\\/\",\"url\":\"https:\\\/\\\/esem.org.br\\\/wp-content\\\/uploads\\\/2022\\\/09\\\/Copia-de-WhatsApp-Image-2021-05-24-at-17.04.17-e1663853541820.jpeg\",\"contentUrl\":\"https:\\\/\\\/esem.org.br\\\/wp-content\\\/uploads\\\/2022\\\/09\\\/Copia-de-WhatsApp-Image-2021-05-24-at-17.04.17-e1663853541820.jpeg\",\"width\":739,\"height\":966,\"caption\":\"ESEM Escola de Seguran\u00e7a Multidimensional\"},\"image\":{\"@id\":\"https:\\\/\\\/esem.org.br\\\/pt\\\/#\\\/schema\\\/logo\\\/image\\\/\"}},{\"@type\":\"Person\",\"@id\":\"https:\\\/\\\/esem.org.br\\\/pt\\\/#\\\/schema\\\/person\\\/e205b78049d24c9f719863aaefefb174\",\"name\":\"admin\",\"image\":{\"@type\":\"ImageObject\",\"inLanguage\":\"pt-BR\",\"@id\":\"https:\\\/\\\/secure.gravatar.com\\\/avatar\\\/0326793483408f4e835790807584e1aca258987a62f70a0b083ffd73bea4a891?s=96&d=mm&r=g\",\"url\":\"https:\\\/\\\/secure.gravatar.com\\\/avatar\\\/0326793483408f4e835790807584e1aca258987a62f70a0b083ffd73bea4a891?s=96&d=mm&r=g\",\"contentUrl\":\"https:\\\/\\\/secure.gravatar.com\\\/avatar\\\/0326793483408f4e835790807584e1aca258987a62f70a0b083ffd73bea4a891?s=96&d=mm&r=g\",\"caption\":\"admin\"},\"sameAs\":[\"https:\\\/\\\/esem.org.br\"],\"url\":\"https:\\\/\\\/esem.org.br\\\/pt\\\/author\\\/admin\\\/\"}]}<\/script>\n<!-- \/ Yoast SEO plugin. -->","yoast_head_json":{"title":"Nota de Solidariedade - ESEM","description":"A Escola de Seguran\u00e7a Multidimensional (ESEM) faz parte do Instituto de Rela\u00e7\u00f5es Internacionais (IRI) da Universidade de S\u00e3o Paulo (USP).","robots":{"index":"index","follow":"follow","max-snippet":"max-snippet:-1","max-image-preview":"max-image-preview:large","max-video-preview":"max-video-preview:-1"},"canonical":"https:\/\/esem.org.br\/pt\/nota-de-solidariedade\/","og_locale":"pt_BR","og_type":"article","og_title":"Nota de Solidariedade - ESEM","og_description":"A Escola de Seguran\u00e7a Multidimensional (ESEM) faz parte do Instituto de Rela\u00e7\u00f5es Internacionais (IRI) da Universidade de S\u00e3o Paulo (USP).","og_url":"https:\/\/esem.org.br\/pt\/nota-de-solidariedade\/","og_site_name":"ESEM","article_published_time":"2022-06-01T20:38:22+00:00","article_modified_time":"2022-10-04T20:40:56+00:00","og_image":[{"width":790,"height":701,"url":"https:\/\/esem.org.br\/wp-content\/uploads\/2022\/10\/AORDNLWEOJEXRM7DSEUEARGA2U.jpeg","type":"image\/jpeg"}],"author":"admin","twitter_card":"summary_large_image","twitter_misc":{"Escrito por":"admin","Est. tempo de leitura":"1 minuto"},"schema":{"@context":"https:\/\/schema.org","@graph":[{"@type":"Article","@id":"https:\/\/esem.org.br\/nota-de-solidariedade\/#article","isPartOf":{"@id":"https:\/\/esem.org.br\/nota-de-solidariedade\/"},"author":{"name":"admin","@id":"https:\/\/esem.org.br\/pt\/#\/schema\/person\/e205b78049d24c9f719863aaefefb174"},"headline":"Nota de Solidariedade","datePublished":"2022-06-01T20:38:22+00:00","dateModified":"2022-10-04T20:40:56+00:00","mainEntityOfPage":{"@id":"https:\/\/esem.org.br\/nota-de-solidariedade\/"},"wordCount":200,"publisher":{"@id":"https:\/\/esem.org.br\/pt\/#organization"},"image":{"@id":"https:\/\/esem.org.br\/nota-de-solidariedade\/#primaryimage"},"thumbnailUrl":"https:\/\/esem.org.br\/wp-content\/uploads\/2022\/10\/AORDNLWEOJEXRM7DSEUEARGA2U.jpeg","articleSection":["Not\u00edcias"],"inLanguage":"pt-BR"},{"@type":"WebPage","@id":"https:\/\/esem.org.br\/nota-de-solidariedade\/","url":"https:\/\/esem.org.br\/nota-de-solidariedade\/","name":"Nota de Solidariedade - ESEM","isPartOf":{"@id":"https:\/\/esem.org.br\/pt\/#website"},"primaryImageOfPage":{"@id":"https:\/\/esem.org.br\/nota-de-solidariedade\/#primaryimage"},"image":{"@id":"https:\/\/esem.org.br\/nota-de-solidariedade\/#primaryimage"},"thumbnailUrl":"https:\/\/esem.org.br\/wp-content\/uploads\/2022\/10\/AORDNLWEOJEXRM7DSEUEARGA2U.jpeg","datePublished":"2022-06-01T20:38:22+00:00","dateModified":"2022-10-04T20:40:56+00:00","description":"A Escola de Seguran\u00e7a Multidimensional (ESEM) faz parte do Instituto de Rela\u00e7\u00f5es Internacionais (IRI) da Universidade de S\u00e3o Paulo (USP).","breadcrumb":{"@id":"https:\/\/esem.org.br\/nota-de-solidariedade\/#breadcrumb"},"inLanguage":"pt-BR","potentialAction":[{"@type":"ReadAction","target":["https:\/\/esem.org.br\/nota-de-solidariedade\/"]}]},{"@type":"ImageObject","inLanguage":"pt-BR","@id":"https:\/\/esem.org.br\/nota-de-solidariedade\/#primaryimage","url":"https:\/\/esem.org.br\/wp-content\/uploads\/2022\/10\/AORDNLWEOJEXRM7DSEUEARGA2U.jpeg","contentUrl":"https:\/\/esem.org.br\/wp-content\/uploads\/2022\/10\/AORDNLWEOJEXRM7DSEUEARGA2U.jpeg","width":790,"height":701},{"@type":"BreadcrumbList","@id":"https:\/\/esem.org.br\/nota-de-solidariedade\/#breadcrumb","itemListElement":[{"@type":"ListItem","position":1,"name":"In\u00edcio","item":"https:\/\/esem.org.br\/"},{"@type":"ListItem","position":2,"name":"Nota de Solidariedade"}]},{"@type":"WebSite","@id":"https:\/\/esem.org.br\/pt\/#website","url":"https:\/\/esem.org.br\/pt\/","name":"ESEM Escola de Seguran\u00e7a Multidimensional","description":"Escola de Seguran\u00e7a Multidimensional","publisher":{"@id":"https:\/\/esem.org.br\/pt\/#organization"},"potentialAction":[{"@type":"SearchAction","target":{"@type":"EntryPoint","urlTemplate":"https:\/\/esem.org.br\/pt\/?s={search_term_string}"},"query-input":{"@type":"PropertyValueSpecification","valueRequired":true,"valueName":"search_term_string"}}],"inLanguage":"pt-BR"},{"@type":"Organization","@id":"https:\/\/esem.org.br\/pt\/#organization","name":"ESEM Escola de Seguran\u00e7a Multidimensional","url":"https:\/\/esem.org.br\/pt\/","logo":{"@type":"ImageObject","inLanguage":"pt-BR","@id":"https:\/\/esem.org.br\/pt\/#\/schema\/logo\/image\/","url":"https:\/\/esem.org.br\/wp-content\/uploads\/2022\/09\/Copia-de-WhatsApp-Image-2021-05-24-at-17.04.17-e1663853541820.jpeg","contentUrl":"https:\/\/esem.org.br\/wp-content\/uploads\/2022\/09\/Copia-de-WhatsApp-Image-2021-05-24-at-17.04.17-e1663853541820.jpeg","width":739,"height":966,"caption":"ESEM Escola de Seguran\u00e7a Multidimensional"},"image":{"@id":"https:\/\/esem.org.br\/pt\/#\/schema\/logo\/image\/"}},{"@type":"Person","@id":"https:\/\/esem.org.br\/pt\/#\/schema\/person\/e205b78049d24c9f719863aaefefb174","name":"admin","image":{"@type":"ImageObject","inLanguage":"pt-BR","@id":"https:\/\/secure.gravatar.com\/avatar\/0326793483408f4e835790807584e1aca258987a62f70a0b083ffd73bea4a891?s=96&d=mm&r=g","url":"https:\/\/secure.gravatar.com\/avatar\/0326793483408f4e835790807584e1aca258987a62f70a0b083ffd73bea4a891?s=96&d=mm&r=g","contentUrl":"https:\/\/secure.gravatar.com\/avatar\/0326793483408f4e835790807584e1aca258987a62f70a0b083ffd73bea4a891?s=96&d=mm&r=g","caption":"admin"},"sameAs":["https:\/\/esem.org.br"],"url":"https:\/\/esem.org.br\/pt\/author\/admin\/"}]}},"_links":{"self":[{"href":"https:\/\/esem.org.br\/pt\/wp-json\/wp\/v2\/posts\/446","targetHints":{"allow":["GET"]}}],"collection":[{"href":"https:\/\/esem.org.br\/pt\/wp-json\/wp\/v2\/posts"}],"about":[{"href":"https:\/\/esem.org.br\/pt\/wp-json\/wp\/v2\/types\/post"}],"author":[{"embeddable":true,"href":"https:\/\/esem.org.br\/pt\/wp-json\/wp\/v2\/users\/1"}],"replies":[{"embeddable":true,"href":"https:\/\/esem.org.br\/pt\/wp-json\/wp\/v2\/comments?post=446"}],"version-history":[{"count":4,"href":"https:\/\/esem.org.br\/pt\/wp-json\/wp\/v2\/posts\/446\/revisions"}],"predecessor-version":[{"id":451,"href":"https:\/\/esem.org.br\/pt\/wp-json\/wp\/v2\/posts\/446\/revisions\/451"}],"wp:featuredmedia":[{"embeddable":true,"href":"https:\/\/esem.org.br\/pt\/wp-json\/wp\/v2\/media\/447"}],"wp:attachment":[{"href":"https:\/\/esem.org.br\/pt\/wp-json\/wp\/v2\/media?parent=446"}],"wp:term":[{"taxonomy":"category","embeddable":true,"href":"https:\/\/esem.org.br\/pt\/wp-json\/wp\/v2\/categories?post=446"},{"taxonomy":"post_tag","embeddable":true,"href":"https:\/\/esem.org.br\/pt\/wp-json\/wp\/v2\/tags?post=446"}],"curies":[{"name":"wp","href":"https:\/\/api.w.org\/{rel}","templated":true}]}}