{"id":469,"date":"2022-10-04T17:53:11","date_gmt":"2022-10-04T20:53:11","guid":{"rendered":"https:\/\/esem.org.br\/?p=469"},"modified":"2022-10-04T17:54:28","modified_gmt":"2022-10-04T20:54:28","slug":"formatura-da-turma-do-2-curso-de-extensao-da-rede-interamericana-de-desenvolvimento-e-profissionalizacao-policial-iri-usp-oea","status":"publish","type":"post","link":"https:\/\/esem.org.br\/pt\/formatura-da-turma-do-2-curso-de-extensao-da-rede-interamericana-de-desenvolvimento-e-profissionalizacao-policial-iri-usp-oea\/","title":{"rendered":"Formatura da turma do 2\u00b0 Curso de Extens\u00e3o da Rede Interamericana de Desenvolvimento e Profissionaliza\u00e7\u00e3o Policial &#8211; IRI\/USP OEA"},"content":{"rendered":"\t\t<div data-elementor-type=\"wp-post\" data-elementor-id=\"469\" class=\"elementor elementor-469\" data-elementor-post-type=\"post\">\n\t\t\t\t\t\t<section class=\"elementor-section elementor-top-section elementor-element elementor-element-3a3aa07 elementor-section-boxed elementor-section-height-default elementor-section-height-default\" data-id=\"3a3aa07\" data-element_type=\"section\" data-e-type=\"section\" data-settings=\"{&quot;ekit_has_onepagescroll_dot&quot;:&quot;yes&quot;}\">\n\t\t\t\t\t\t<div class=\"elementor-container elementor-column-gap-default\">\n\t\t\t\t\t<div class=\"elementor-column elementor-col-100 elementor-top-column elementor-element elementor-element-dbe3bc2\" data-id=\"dbe3bc2\" data-element_type=\"column\" data-e-type=\"column\">\n\t\t\t<div class=\"elementor-widget-wrap elementor-element-populated\">\n\t\t\t\t\t\t<div class=\"elementor-element elementor-element-bc95a89 elementor-widget elementor-widget-text-editor\" data-id=\"bc95a89\" data-element_type=\"widget\" data-e-type=\"widget\" data-settings=\"{&quot;ekit_we_effect_on&quot;:&quot;none&quot;}\" data-widget_type=\"text-editor.default\">\n\t\t\t\t<div class=\"elementor-widget-container\">\n\t\t\t\t\t\t\t\t\t<p>No dia 30 de outubro ocorreu a formatura da segunda turma do curso de extens\u00e3o da Rede Interamericana de Desenvolvimento e Profissionaliza\u00e7\u00e3o Policial, programa desenvolvido pelo IRI\/USP em parceria com a Diretoria de Seguran\u00e7a Multidimensional da Organiza\u00e7\u00e3o dos Estados Americanos.<br \/><br \/>Foram formados 60 alunos policiais de 27 Estados Membros da OEA. Estiveram presente na formatura al\u00e9m do Prof Leandro Piquet Carneiro, do IRI\/USP, coordenador acad\u00eamico do curso, a Pr\u00f3-Reitora de Cultura e Extens\u00e3o da USP, a Profa. Maria Aparecida Machado e a Diretora da OEA, Dra Paulina Duarte.<br \/><br \/>Os certificados de conclus\u00e3o do curso de 180hs do IRI\/USP foram entregues pelo Secret\u00e1rio Geral da OEA, Dr. Luis Almagro, em evento realizado durante a MISPA &#8211; Reuni\u00e3o dos Ministros de Estado da \u00e1rea de seguran\u00e7a p\u00fablica das am\u00e9ricas, em Quito, Equador.<\/p>\t\t\t\t\t\t\t\t<\/div>\n\t\t\t\t<\/div>\n\t\t\t\t\t<\/div>\n\t\t<\/div>\n\t\t\t\t\t<\/div>\n\t\t<\/section>\n\t\t\t\t<section class=\"elementor-section elementor-top-section elementor-element elementor-element-888a336 elementor-section-boxed elementor-section-height-default elementor-section-height-default\" data-id=\"888a336\" data-element_type=\"section\" data-e-type=\"section\" data-settings=\"{&quot;ekit_has_onepagescroll_dot&quot;:&quot;yes&quot;}\">\n\t\t\t\t\t\t<div class=\"elementor-container elementor-column-gap-default\">\n\t\t\t\t\t<div class=\"elementor-column elementor-col-100 elementor-top-column elementor-element elementor-element-bb09cc8\" data-id=\"bb09cc8\" data-element_type=\"column\" data-e-type=\"column\">\n\t\t\t<div class=\"elementor-widget-wrap elementor-element-populated\">\n\t\t\t\t\t\t<div class=\"elementor-element elementor-element-188e227 elementor-widget elementor-widget-image\" data-id=\"188e227\" data-element_type=\"widget\" data-e-type=\"widget\" data-settings=\"{&quot;ekit_we_effect_on&quot;:&quot;none&quot;}\" data-widget_type=\"image.default\">\n\t\t\t\t<div class=\"elementor-widget-container\">\n\t\t\t\t\t\t\t\t\t\t\t\t<figure class=\"wp-caption\">\n\t\t\t\t\t\t\t\t\t\t<img fetchpriority=\"high\" decoding=\"async\" width=\"410\" height=\"413\" src=\"https:\/\/esem.org.br\/wp-content\/uploads\/2022\/10\/03.png\" class=\"attachment-large size-large wp-image-470\" alt=\"\" srcset=\"https:\/\/esem.org.br\/wp-content\/uploads\/2022\/10\/03.png 410w, https:\/\/esem.org.br\/wp-content\/uploads\/2022\/10\/03-298x300.png 298w, https:\/\/esem.org.br\/wp-content\/uploads\/2022\/10\/03-150x150.png 150w\" sizes=\"(max-width: 410px) 100vw, 410px\" \/>\t\t\t\t\t\t\t\t\t\t\t<figcaption class=\"widget-image-caption wp-caption-text\">Turma dos alunos, professores e coordenadores do curso na formatura durante a MISPA<\/figcaption>\n\t\t\t\t\t\t\t\t\t\t<\/figure>\n\t\t\t\t\t\t\t\t\t<\/div>\n\t\t\t\t<\/div>\n\t\t\t\t\t<\/div>\n\t\t<\/div>\n\t\t\t\t\t<\/div>\n\t\t<\/section>\n\t\t\t\t<section class=\"elementor-section elementor-top-section elementor-element elementor-element-cad3e60 elementor-section-boxed elementor-section-height-default elementor-section-height-default\" data-id=\"cad3e60\" data-element_type=\"section\" data-e-type=\"section\" data-settings=\"{&quot;ekit_has_onepagescroll_dot&quot;:&quot;yes&quot;}\">\n\t\t\t\t\t\t<div class=\"elementor-container elementor-column-gap-default\">\n\t\t\t\t\t<div class=\"elementor-column elementor-col-100 elementor-top-column elementor-element elementor-element-ca9c435\" data-id=\"ca9c435\" data-element_type=\"column\" data-e-type=\"column\">\n\t\t\t<div class=\"elementor-widget-wrap elementor-element-populated\">\n\t\t\t\t\t\t<div class=\"elementor-element elementor-element-177f3f2 elementor-widget elementor-widget-video\" data-id=\"177f3f2\" data-element_type=\"widget\" data-e-type=\"widget\" data-settings=\"{&quot;youtube_url&quot;:&quot;https:\\\/\\\/youtu.be\\\/CW-EiMcyJd4&quot;,&quot;video_type&quot;:&quot;youtube&quot;,&quot;controls&quot;:&quot;yes&quot;,&quot;ekit_we_effect_on&quot;:&quot;none&quot;}\" data-widget_type=\"video.default\">\n\t\t\t\t<div class=\"elementor-widget-container\">\n\t\t\t\t\t\t\t<div class=\"elementor-wrapper elementor-open-inline\">\n\t\t\t<div class=\"elementor-video\"><\/div>\t\t<\/div>\n\t\t\t\t\t\t<\/div>\n\t\t\t\t<\/div>\n\t\t\t\t\t<\/div>\n\t\t<\/div>\n\t\t\t\t\t<\/div>\n\t\t<\/section>\n\t\t\t\t<\/div>\n\t\t","protected":false},"excerpt":{"rendered":"<p>No dia 30 de outubro ocorreu a formatura da segunda turma do curso de extens\u00e3o da Rede Interamericana de Desenvolvimento e Profissionaliza\u00e7\u00e3o Policial, programa desenvolvido pelo IRI\/USP em parceria com a Diretoria de Seguran\u00e7a Multidimensional da Organiza\u00e7\u00e3o dos Estados Americanos. Foram formados 60 alunos policiais de 27 Estados Membros da OEA. Estiveram presente na formatura [&hellip;]<\/p>\n","protected":false},"author":1,"featured_media":470,"comment_status":"closed","ping_status":"open","sticky":false,"template":"","format":"standard","meta":{"footnotes":""},"categories":[9],"tags":[],"class_list":["post-469","post","type-post","status-publish","format-standard","has-post-thumbnail","hentry","category-noticias"],"yoast_head":"<!-- This site is optimized with the Yoast SEO plugin v27.4 - https:\/\/yoast.com\/product\/yoast-seo-wordpress\/ -->\n<title>Formatura da turma do 2\u00b0 Curso de Extens\u00e3o da Rede Interamericana de Desenvolvimento e Profissionaliza\u00e7\u00e3o Policial - IRI\/USP OEA - ESEM<\/title>\n<meta name=\"description\" content=\"A Escola de Seguran\u00e7a Multidimensional (ESEM) faz parte do Instituto de Rela\u00e7\u00f5es Internacionais (IRI) da Universidade de S\u00e3o Paulo (USP).\" \/>\n<meta name=\"robots\" content=\"index, follow, max-snippet:-1, max-image-preview:large, max-video-preview:-1\" \/>\n<link rel=\"canonical\" href=\"https:\/\/esem.org.br\/pt\/formatura-da-turma-do-2-curso-de-extensao-da-rede-interamericana-de-desenvolvimento-e-profissionalizacao-policial-iri-usp-oea\/\" \/>\n<meta property=\"og:locale\" content=\"pt_BR\" \/>\n<meta property=\"og:type\" content=\"article\" \/>\n<meta property=\"og:title\" content=\"Formatura da turma do 2\u00b0 Curso de Extens\u00e3o da Rede Interamericana de Desenvolvimento e Profissionaliza\u00e7\u00e3o Policial - IRI\/USP OEA - ESEM\" \/>\n<meta property=\"og:description\" content=\"A Escola de Seguran\u00e7a Multidimensional (ESEM) faz parte do Instituto de Rela\u00e7\u00f5es Internacionais (IRI) da Universidade de S\u00e3o Paulo (USP).\" \/>\n<meta property=\"og:url\" content=\"https:\/\/esem.org.br\/pt\/formatura-da-turma-do-2-curso-de-extensao-da-rede-interamericana-de-desenvolvimento-e-profissionalizacao-policial-iri-usp-oea\/\" \/>\n<meta property=\"og:site_name\" content=\"ESEM\" \/>\n<meta property=\"article:published_time\" content=\"2022-10-04T20:53:11+00:00\" \/>\n<meta property=\"article:modified_time\" content=\"2022-10-04T20:54:28+00:00\" \/>\n<meta property=\"og:image\" content=\"https:\/\/esem.org.br\/wp-content\/uploads\/2022\/10\/03.png\" \/>\n\t<meta property=\"og:image:width\" content=\"410\" \/>\n\t<meta property=\"og:image:height\" content=\"413\" \/>\n\t<meta property=\"og:image:type\" content=\"image\/png\" \/>\n<meta name=\"author\" content=\"admin\" \/>\n<meta name=\"twitter:card\" content=\"summary_large_image\" \/>\n<meta name=\"twitter:label1\" content=\"Escrito por\" \/>\n\t<meta name=\"twitter:data1\" content=\"admin\" \/>\n\t<meta name=\"twitter:label2\" content=\"Est. tempo de leitura\" \/>\n\t<meta name=\"twitter:data2\" content=\"1 minuto\" \/>\n<script type=\"application\/ld+json\" class=\"yoast-schema-graph\">{\"@context\":\"https:\\\/\\\/schema.org\",\"@graph\":[{\"@type\":\"Article\",\"@id\":\"https:\\\/\\\/esem.org.br\\\/formatura-da-turma-do-2-curso-de-extensao-da-rede-interamericana-de-desenvolvimento-e-profissionalizacao-policial-iri-usp-oea\\\/#article\",\"isPartOf\":{\"@id\":\"https:\\\/\\\/esem.org.br\\\/formatura-da-turma-do-2-curso-de-extensao-da-rede-interamericana-de-desenvolvimento-e-profissionalizacao-policial-iri-usp-oea\\\/\"},\"author\":{\"name\":\"admin\",\"@id\":\"https:\\\/\\\/esem.org.br\\\/pt\\\/#\\\/schema\\\/person\\\/e205b78049d24c9f719863aaefefb174\"},\"headline\":\"Formatura da turma do 2\u00b0 Curso de Extens\u00e3o da Rede Interamericana de Desenvolvimento e Profissionaliza\u00e7\u00e3o Policial &#8211; IRI\\\/USP OEA\",\"datePublished\":\"2022-10-04T20:53:11+00:00\",\"dateModified\":\"2022-10-04T20:54:28+00:00\",\"mainEntityOfPage\":{\"@id\":\"https:\\\/\\\/esem.org.br\\\/formatura-da-turma-do-2-curso-de-extensao-da-rede-interamericana-de-desenvolvimento-e-profissionalizacao-policial-iri-usp-oea\\\/\"},\"wordCount\":182,\"publisher\":{\"@id\":\"https:\\\/\\\/esem.org.br\\\/pt\\\/#organization\"},\"image\":{\"@id\":\"https:\\\/\\\/esem.org.br\\\/formatura-da-turma-do-2-curso-de-extensao-da-rede-interamericana-de-desenvolvimento-e-profissionalizacao-policial-iri-usp-oea\\\/#primaryimage\"},\"thumbnailUrl\":\"https:\\\/\\\/esem.org.br\\\/wp-content\\\/uploads\\\/2022\\\/10\\\/03.png\",\"articleSection\":[\"Not\u00edcias\"],\"inLanguage\":\"pt-BR\"},{\"@type\":\"WebPage\",\"@id\":\"https:\\\/\\\/esem.org.br\\\/formatura-da-turma-do-2-curso-de-extensao-da-rede-interamericana-de-desenvolvimento-e-profissionalizacao-policial-iri-usp-oea\\\/\",\"url\":\"https:\\\/\\\/esem.org.br\\\/formatura-da-turma-do-2-curso-de-extensao-da-rede-interamericana-de-desenvolvimento-e-profissionalizacao-policial-iri-usp-oea\\\/\",\"name\":\"Formatura da turma do 2\u00b0 Curso de Extens\u00e3o da Rede Interamericana de Desenvolvimento e Profissionaliza\u00e7\u00e3o Policial - IRI\\\/USP OEA - ESEM\",\"isPartOf\":{\"@id\":\"https:\\\/\\\/esem.org.br\\\/pt\\\/#website\"},\"primaryImageOfPage\":{\"@id\":\"https:\\\/\\\/esem.org.br\\\/formatura-da-turma-do-2-curso-de-extensao-da-rede-interamericana-de-desenvolvimento-e-profissionalizacao-policial-iri-usp-oea\\\/#primaryimage\"},\"image\":{\"@id\":\"https:\\\/\\\/esem.org.br\\\/formatura-da-turma-do-2-curso-de-extensao-da-rede-interamericana-de-desenvolvimento-e-profissionalizacao-policial-iri-usp-oea\\\/#primaryimage\"},\"thumbnailUrl\":\"https:\\\/\\\/esem.org.br\\\/wp-content\\\/uploads\\\/2022\\\/10\\\/03.png\",\"datePublished\":\"2022-10-04T20:53:11+00:00\",\"dateModified\":\"2022-10-04T20:54:28+00:00\",\"description\":\"A Escola de Seguran\u00e7a Multidimensional (ESEM) faz parte do Instituto de Rela\u00e7\u00f5es Internacionais (IRI) da Universidade de S\u00e3o Paulo (USP).\",\"breadcrumb\":{\"@id\":\"https:\\\/\\\/esem.org.br\\\/formatura-da-turma-do-2-curso-de-extensao-da-rede-interamericana-de-desenvolvimento-e-profissionalizacao-policial-iri-usp-oea\\\/#breadcrumb\"},\"inLanguage\":\"pt-BR\",\"potentialAction\":[{\"@type\":\"ReadAction\",\"target\":[\"https:\\\/\\\/esem.org.br\\\/formatura-da-turma-do-2-curso-de-extensao-da-rede-interamericana-de-desenvolvimento-e-profissionalizacao-policial-iri-usp-oea\\\/\"]}]},{\"@type\":\"ImageObject\",\"inLanguage\":\"pt-BR\",\"@id\":\"https:\\\/\\\/esem.org.br\\\/formatura-da-turma-do-2-curso-de-extensao-da-rede-interamericana-de-desenvolvimento-e-profissionalizacao-policial-iri-usp-oea\\\/#primaryimage\",\"url\":\"https:\\\/\\\/esem.org.br\\\/wp-content\\\/uploads\\\/2022\\\/10\\\/03.png\",\"contentUrl\":\"https:\\\/\\\/esem.org.br\\\/wp-content\\\/uploads\\\/2022\\\/10\\\/03.png\",\"width\":410,\"height\":413},{\"@type\":\"BreadcrumbList\",\"@id\":\"https:\\\/\\\/esem.org.br\\\/formatura-da-turma-do-2-curso-de-extensao-da-rede-interamericana-de-desenvolvimento-e-profissionalizacao-policial-iri-usp-oea\\\/#breadcrumb\",\"itemListElement\":[{\"@type\":\"ListItem\",\"position\":1,\"name\":\"In\u00edcio\",\"item\":\"https:\\\/\\\/esem.org.br\\\/\"},{\"@type\":\"ListItem\",\"position\":2,\"name\":\"Formatura da turma do 2\u00b0 Curso de Extens\u00e3o da Rede Interamericana de Desenvolvimento e Profissionaliza\u00e7\u00e3o Policial &#8211; IRI\\\/USP OEA\"}]},{\"@type\":\"WebSite\",\"@id\":\"https:\\\/\\\/esem.org.br\\\/pt\\\/#website\",\"url\":\"https:\\\/\\\/esem.org.br\\\/pt\\\/\",\"name\":\"ESEM Escola de Seguran\u00e7a Multidimensional\",\"description\":\"Escola de Seguran\u00e7a Multidimensional\",\"publisher\":{\"@id\":\"https:\\\/\\\/esem.org.br\\\/pt\\\/#organization\"},\"potentialAction\":[{\"@type\":\"SearchAction\",\"target\":{\"@type\":\"EntryPoint\",\"urlTemplate\":\"https:\\\/\\\/esem.org.br\\\/pt\\\/?s={search_term_string}\"},\"query-input\":{\"@type\":\"PropertyValueSpecification\",\"valueRequired\":true,\"valueName\":\"search_term_string\"}}],\"inLanguage\":\"pt-BR\"},{\"@type\":\"Organization\",\"@id\":\"https:\\\/\\\/esem.org.br\\\/pt\\\/#organization\",\"name\":\"ESEM Escola de Seguran\u00e7a Multidimensional\",\"url\":\"https:\\\/\\\/esem.org.br\\\/pt\\\/\",\"logo\":{\"@type\":\"ImageObject\",\"inLanguage\":\"pt-BR\",\"@id\":\"https:\\\/\\\/esem.org.br\\\/pt\\\/#\\\/schema\\\/logo\\\/image\\\/\",\"url\":\"https:\\\/\\\/esem.org.br\\\/wp-content\\\/uploads\\\/2022\\\/09\\\/Copia-de-WhatsApp-Image-2021-05-24-at-17.04.17-e1663853541820.jpeg\",\"contentUrl\":\"https:\\\/\\\/esem.org.br\\\/wp-content\\\/uploads\\\/2022\\\/09\\\/Copia-de-WhatsApp-Image-2021-05-24-at-17.04.17-e1663853541820.jpeg\",\"width\":739,\"height\":966,\"caption\":\"ESEM Escola de Seguran\u00e7a Multidimensional\"},\"image\":{\"@id\":\"https:\\\/\\\/esem.org.br\\\/pt\\\/#\\\/schema\\\/logo\\\/image\\\/\"}},{\"@type\":\"Person\",\"@id\":\"https:\\\/\\\/esem.org.br\\\/pt\\\/#\\\/schema\\\/person\\\/e205b78049d24c9f719863aaefefb174\",\"name\":\"admin\",\"image\":{\"@type\":\"ImageObject\",\"inLanguage\":\"pt-BR\",\"@id\":\"https:\\\/\\\/secure.gravatar.com\\\/avatar\\\/0326793483408f4e835790807584e1aca258987a62f70a0b083ffd73bea4a891?s=96&d=mm&r=g\",\"url\":\"https:\\\/\\\/secure.gravatar.com\\\/avatar\\\/0326793483408f4e835790807584e1aca258987a62f70a0b083ffd73bea4a891?s=96&d=mm&r=g\",\"contentUrl\":\"https:\\\/\\\/secure.gravatar.com\\\/avatar\\\/0326793483408f4e835790807584e1aca258987a62f70a0b083ffd73bea4a891?s=96&d=mm&r=g\",\"caption\":\"admin\"},\"sameAs\":[\"https:\\\/\\\/esem.org.br\"],\"url\":\"https:\\\/\\\/esem.org.br\\\/pt\\\/author\\\/admin\\\/\"}]}<\/script>\n<!-- \/ Yoast SEO plugin. -->","yoast_head_json":{"title":"Formatura da turma do 2\u00b0 Curso de Extens\u00e3o da Rede Interamericana de Desenvolvimento e Profissionaliza\u00e7\u00e3o Policial - IRI\/USP OEA - ESEM","description":"A Escola de Seguran\u00e7a Multidimensional (ESEM) faz parte do Instituto de Rela\u00e7\u00f5es Internacionais (IRI) da Universidade de S\u00e3o Paulo (USP).","robots":{"index":"index","follow":"follow","max-snippet":"max-snippet:-1","max-image-preview":"max-image-preview:large","max-video-preview":"max-video-preview:-1"},"canonical":"https:\/\/esem.org.br\/pt\/formatura-da-turma-do-2-curso-de-extensao-da-rede-interamericana-de-desenvolvimento-e-profissionalizacao-policial-iri-usp-oea\/","og_locale":"pt_BR","og_type":"article","og_title":"Formatura da turma do 2\u00b0 Curso de Extens\u00e3o da Rede Interamericana de Desenvolvimento e Profissionaliza\u00e7\u00e3o Policial - IRI\/USP OEA - ESEM","og_description":"A Escola de Seguran\u00e7a Multidimensional (ESEM) faz parte do Instituto de Rela\u00e7\u00f5es Internacionais (IRI) da Universidade de S\u00e3o Paulo (USP).","og_url":"https:\/\/esem.org.br\/pt\/formatura-da-turma-do-2-curso-de-extensao-da-rede-interamericana-de-desenvolvimento-e-profissionalizacao-policial-iri-usp-oea\/","og_site_name":"ESEM","article_published_time":"2022-10-04T20:53:11+00:00","article_modified_time":"2022-10-04T20:54:28+00:00","og_image":[{"width":410,"height":413,"url":"https:\/\/esem.org.br\/wp-content\/uploads\/2022\/10\/03.png","type":"image\/png"}],"author":"admin","twitter_card":"summary_large_image","twitter_misc":{"Escrito por":"admin","Est. tempo de leitura":"1 minuto"},"schema":{"@context":"https:\/\/schema.org","@graph":[{"@type":"Article","@id":"https:\/\/esem.org.br\/formatura-da-turma-do-2-curso-de-extensao-da-rede-interamericana-de-desenvolvimento-e-profissionalizacao-policial-iri-usp-oea\/#article","isPartOf":{"@id":"https:\/\/esem.org.br\/formatura-da-turma-do-2-curso-de-extensao-da-rede-interamericana-de-desenvolvimento-e-profissionalizacao-policial-iri-usp-oea\/"},"author":{"name":"admin","@id":"https:\/\/esem.org.br\/pt\/#\/schema\/person\/e205b78049d24c9f719863aaefefb174"},"headline":"Formatura da turma do 2\u00b0 Curso de Extens\u00e3o da Rede Interamericana de Desenvolvimento e Profissionaliza\u00e7\u00e3o Policial &#8211; IRI\/USP OEA","datePublished":"2022-10-04T20:53:11+00:00","dateModified":"2022-10-04T20:54:28+00:00","mainEntityOfPage":{"@id":"https:\/\/esem.org.br\/formatura-da-turma-do-2-curso-de-extensao-da-rede-interamericana-de-desenvolvimento-e-profissionalizacao-policial-iri-usp-oea\/"},"wordCount":182,"publisher":{"@id":"https:\/\/esem.org.br\/pt\/#organization"},"image":{"@id":"https:\/\/esem.org.br\/formatura-da-turma-do-2-curso-de-extensao-da-rede-interamericana-de-desenvolvimento-e-profissionalizacao-policial-iri-usp-oea\/#primaryimage"},"thumbnailUrl":"https:\/\/esem.org.br\/wp-content\/uploads\/2022\/10\/03.png","articleSection":["Not\u00edcias"],"inLanguage":"pt-BR"},{"@type":"WebPage","@id":"https:\/\/esem.org.br\/formatura-da-turma-do-2-curso-de-extensao-da-rede-interamericana-de-desenvolvimento-e-profissionalizacao-policial-iri-usp-oea\/","url":"https:\/\/esem.org.br\/formatura-da-turma-do-2-curso-de-extensao-da-rede-interamericana-de-desenvolvimento-e-profissionalizacao-policial-iri-usp-oea\/","name":"Formatura da turma do 2\u00b0 Curso de Extens\u00e3o da Rede Interamericana de Desenvolvimento e Profissionaliza\u00e7\u00e3o Policial - IRI\/USP OEA - ESEM","isPartOf":{"@id":"https:\/\/esem.org.br\/pt\/#website"},"primaryImageOfPage":{"@id":"https:\/\/esem.org.br\/formatura-da-turma-do-2-curso-de-extensao-da-rede-interamericana-de-desenvolvimento-e-profissionalizacao-policial-iri-usp-oea\/#primaryimage"},"image":{"@id":"https:\/\/esem.org.br\/formatura-da-turma-do-2-curso-de-extensao-da-rede-interamericana-de-desenvolvimento-e-profissionalizacao-policial-iri-usp-oea\/#primaryimage"},"thumbnailUrl":"https:\/\/esem.org.br\/wp-content\/uploads\/2022\/10\/03.png","datePublished":"2022-10-04T20:53:11+00:00","dateModified":"2022-10-04T20:54:28+00:00","description":"A Escola de Seguran\u00e7a Multidimensional (ESEM) faz parte do Instituto de Rela\u00e7\u00f5es Internacionais (IRI) da Universidade de S\u00e3o Paulo (USP).","breadcrumb":{"@id":"https:\/\/esem.org.br\/formatura-da-turma-do-2-curso-de-extensao-da-rede-interamericana-de-desenvolvimento-e-profissionalizacao-policial-iri-usp-oea\/#breadcrumb"},"inLanguage":"pt-BR","potentialAction":[{"@type":"ReadAction","target":["https:\/\/esem.org.br\/formatura-da-turma-do-2-curso-de-extensao-da-rede-interamericana-de-desenvolvimento-e-profissionalizacao-policial-iri-usp-oea\/"]}]},{"@type":"ImageObject","inLanguage":"pt-BR","@id":"https:\/\/esem.org.br\/formatura-da-turma-do-2-curso-de-extensao-da-rede-interamericana-de-desenvolvimento-e-profissionalizacao-policial-iri-usp-oea\/#primaryimage","url":"https:\/\/esem.org.br\/wp-content\/uploads\/2022\/10\/03.png","contentUrl":"https:\/\/esem.org.br\/wp-content\/uploads\/2022\/10\/03.png","width":410,"height":413},{"@type":"BreadcrumbList","@id":"https:\/\/esem.org.br\/formatura-da-turma-do-2-curso-de-extensao-da-rede-interamericana-de-desenvolvimento-e-profissionalizacao-policial-iri-usp-oea\/#breadcrumb","itemListElement":[{"@type":"ListItem","position":1,"name":"In\u00edcio","item":"https:\/\/esem.org.br\/"},{"@type":"ListItem","position":2,"name":"Formatura da turma do 2\u00b0 Curso de Extens\u00e3o da Rede Interamericana de Desenvolvimento e Profissionaliza\u00e7\u00e3o Policial &#8211; IRI\/USP OEA"}]},{"@type":"WebSite","@id":"https:\/\/esem.org.br\/pt\/#website","url":"https:\/\/esem.org.br\/pt\/","name":"ESEM Escola de Seguran\u00e7a Multidimensional","description":"Escola de Seguran\u00e7a Multidimensional","publisher":{"@id":"https:\/\/esem.org.br\/pt\/#organization"},"potentialAction":[{"@type":"SearchAction","target":{"@type":"EntryPoint","urlTemplate":"https:\/\/esem.org.br\/pt\/?s={search_term_string}"},"query-input":{"@type":"PropertyValueSpecification","valueRequired":true,"valueName":"search_term_string"}}],"inLanguage":"pt-BR"},{"@type":"Organization","@id":"https:\/\/esem.org.br\/pt\/#organization","name":"ESEM Escola de Seguran\u00e7a Multidimensional","url":"https:\/\/esem.org.br\/pt\/","logo":{"@type":"ImageObject","inLanguage":"pt-BR","@id":"https:\/\/esem.org.br\/pt\/#\/schema\/logo\/image\/","url":"https:\/\/esem.org.br\/wp-content\/uploads\/2022\/09\/Copia-de-WhatsApp-Image-2021-05-24-at-17.04.17-e1663853541820.jpeg","contentUrl":"https:\/\/esem.org.br\/wp-content\/uploads\/2022\/09\/Copia-de-WhatsApp-Image-2021-05-24-at-17.04.17-e1663853541820.jpeg","width":739,"height":966,"caption":"ESEM Escola de Seguran\u00e7a Multidimensional"},"image":{"@id":"https:\/\/esem.org.br\/pt\/#\/schema\/logo\/image\/"}},{"@type":"Person","@id":"https:\/\/esem.org.br\/pt\/#\/schema\/person\/e205b78049d24c9f719863aaefefb174","name":"admin","image":{"@type":"ImageObject","inLanguage":"pt-BR","@id":"https:\/\/secure.gravatar.com\/avatar\/0326793483408f4e835790807584e1aca258987a62f70a0b083ffd73bea4a891?s=96&d=mm&r=g","url":"https:\/\/secure.gravatar.com\/avatar\/0326793483408f4e835790807584e1aca258987a62f70a0b083ffd73bea4a891?s=96&d=mm&r=g","contentUrl":"https:\/\/secure.gravatar.com\/avatar\/0326793483408f4e835790807584e1aca258987a62f70a0b083ffd73bea4a891?s=96&d=mm&r=g","caption":"admin"},"sameAs":["https:\/\/esem.org.br"],"url":"https:\/\/esem.org.br\/pt\/author\/admin\/"}]}},"_links":{"self":[{"href":"https:\/\/esem.org.br\/pt\/wp-json\/wp\/v2\/posts\/469","targetHints":{"allow":["GET"]}}],"collection":[{"href":"https:\/\/esem.org.br\/pt\/wp-json\/wp\/v2\/posts"}],"about":[{"href":"https:\/\/esem.org.br\/pt\/wp-json\/wp\/v2\/types\/post"}],"author":[{"embeddable":true,"href":"https:\/\/esem.org.br\/pt\/wp-json\/wp\/v2\/users\/1"}],"replies":[{"embeddable":true,"href":"https:\/\/esem.org.br\/pt\/wp-json\/wp\/v2\/comments?post=469"}],"version-history":[{"count":5,"href":"https:\/\/esem.org.br\/pt\/wp-json\/wp\/v2\/posts\/469\/revisions"}],"predecessor-version":[{"id":1118,"href":"https:\/\/esem.org.br\/pt\/wp-json\/wp\/v2\/posts\/469\/revisions\/1118"}],"wp:featuredmedia":[{"embeddable":true,"href":"https:\/\/esem.org.br\/pt\/wp-json\/wp\/v2\/media\/470"}],"wp:attachment":[{"href":"https:\/\/esem.org.br\/pt\/wp-json\/wp\/v2\/media?parent=469"}],"wp:term":[{"taxonomy":"category","embeddable":true,"href":"https:\/\/esem.org.br\/pt\/wp-json\/wp\/v2\/categories?post=469"},{"taxonomy":"post_tag","embeddable":true,"href":"https:\/\/esem.org.br\/pt\/wp-json\/wp\/v2\/tags?post=469"}],"curies":[{"name":"wp","href":"https:\/\/api.w.org\/{rel}","templated":true}]}}