{"id":5783,"date":"2026-04-29T21:33:00","date_gmt":"2026-04-30T00:33:00","guid":{"rendered":"https:\/\/esem.org.br\/?p=5783"},"modified":"2026-04-29T21:33:36","modified_gmt":"2026-04-30T00:33:36","slug":"esem-usp-recebe-o-diretor-geral-da-policia-nacional-da-colombia-e-presidente-da-ameripol-general-william-oswaldo-rincon-zambrano-para-discutir-cooperacao-academica","status":"publish","type":"post","link":"https:\/\/esem.org.br\/pt\/esem-usp-recebe-o-diretor-geral-da-policia-nacional-da-colombia-e-presidente-da-ameripol-general-william-oswaldo-rincon-zambrano-para-discutir-cooperacao-academica\/","title":{"rendered":"ESEM-USP recebe o Diretor Geral da Pol\u00edcia Nacional da Col\u00f4mbia e Presidente da AMERIPOL, General William Oswaldo Rinc\u00f3n Zambrano, para discutir coopera\u00e7\u00e3o acad\u00eamica"},"content":{"rendered":"\t\t<div data-elementor-type=\"wp-post\" data-elementor-id=\"5783\" class=\"elementor elementor-5783\" data-elementor-post-type=\"post\">\n\t\t\t\t\t\t<section class=\"elementor-section elementor-top-section elementor-element elementor-element-17b215c elementor-section-boxed elementor-section-height-default elementor-section-height-default\" data-id=\"17b215c\" data-element_type=\"section\" data-e-type=\"section\" data-settings=\"{&quot;ekit_has_onepagescroll_dot&quot;:&quot;yes&quot;}\">\n\t\t\t\t\t\t<div class=\"elementor-container elementor-column-gap-default\">\n\t\t\t\t\t<div class=\"elementor-column elementor-col-100 elementor-top-column elementor-element elementor-element-f2ea977\" data-id=\"f2ea977\" data-element_type=\"column\" data-e-type=\"column\">\n\t\t\t<div class=\"elementor-widget-wrap elementor-element-populated\">\n\t\t\t\t\t\t<div class=\"elementor-element elementor-element-e046995 elementor-widget elementor-widget-text-editor\" data-id=\"e046995\" data-element_type=\"widget\" data-e-type=\"widget\" data-settings=\"{&quot;ekit_we_effect_on&quot;:&quot;none&quot;}\" data-widget_type=\"text-editor.default\">\n\t\t\t\t<div class=\"elementor-widget-container\">\n\t\t\t\t\t\t\t\t\t<p>\u00a0<\/p><p><span style=\"font-weight: 400;\">A Escola de Seguran\u00e7a Multidimensional do Instituto de Rela\u00e7\u00f5es Internacionais da Universidade de S\u00e3o Paulo (ESEM-IRI-USP) recebeu o Diretor Geral da Pol\u00edcia Nacional da Col\u00f4mbia e Presidente da AMERIPOL, General William Oswaldo Rinc\u00f3n Zambrano, em visita institucional realizada na Universidade de S\u00e3o Paulo (USP), com o objetivo de discutir a continuidade da coopera\u00e7\u00e3o acad\u00eamica e explorar novas parcerias.<\/span><\/p><p><span style=\"font-weight: 400;\">A delega\u00e7\u00e3o foi liderada pelo General William Oswaldo Rinc\u00f3n Zambrano, acompanhado pelo Comiss\u00e1rio Weimar de Jes\u00fas Cano Rueda, secret\u00e1rio de agregadoria policial no Brasil. A agenda teve in\u00edcio \u00e0s 14h30, com recep\u00e7\u00e3o no Centro de Difus\u00e3o Internacional (CDI) da USP.<\/span><\/p><p><span style=\"font-weight: 400;\">Durante a visita, o General Rinc\u00f3n reuniu-se com o professor Leandro Piquet Carneiro, coordenador acad\u00eamico da Escola de Seguran\u00e7a Multidimensional do Instituto de Rela\u00e7\u00f5es Internacionais da Universidade de S\u00e3o Paulo (ESEM-IRI-USP), e com o catedr\u00e1tico Michael Miklaucic, titular da C\u00e1tedra Oswaldo Aranha em Seguran\u00e7a e Defesa. O encontro tratou da amplia\u00e7\u00e3o da coopera\u00e7\u00e3o acad\u00eamica, com foco no interc\u00e2mbio de pesquisadores e no desenvolvimento de atividades conjuntas.<\/span><\/p><p><span style=\"font-weight: 400;\">Entre os temas discutidos, destacam-se a cria\u00e7\u00e3o de programas conjuntos por meio de plataformas virtuais, a amplia\u00e7\u00e3o da participa\u00e7\u00e3o de profissionais da Pol\u00edcia Nacional da Col\u00f4mbia nos cursos da ESEM-USP e a colabora\u00e7\u00e3o com a Dire\u00e7\u00e3o de Educa\u00e7\u00e3o Policial da Col\u00f4mbia. A delega\u00e7\u00e3o apresentou, ainda, o processo de cria\u00e7\u00e3o do Doutorado em Seguran\u00e7a e Conviv\u00eancia.\u00a0<\/span><\/p><p><span style=\"font-weight: 400;\">Na sequ\u00eancia, a delega\u00e7\u00e3o seguiu para reuni\u00e3o na Pr\u00f3-Reitoria de Cultura e Extens\u00e3o Universit\u00e1ria da USP com o Pr\u00f3-Reitor Am\u00e2ncio Jorge Silva Nunes de Oliveira, onde foram discutidas oportunidades institucionais de fortalecimento da coopera\u00e7\u00e3o internacional no campo da seguran\u00e7a p\u00fablica e da forma\u00e7\u00e3o acad\u00eamica.<\/span><\/p><p><span style=\"font-weight: 400;\">A visita integra as iniciativas da ESEM-IRI-USP voltadas ao desenvolvimento de redes internacionais de coopera\u00e7\u00e3o e ao fortalecimento da forma\u00e7\u00e3o baseada em evid\u00eancias na \u00e1rea de seguran\u00e7a multidimensional.<\/span><\/p>\t\t\t\t\t\t\t\t<\/div>\n\t\t\t\t<\/div>\n\t\t\t\t\t<\/div>\n\t\t<\/div>\n\t\t\t\t\t<\/div>\n\t\t<\/section>\n\t\t\t\t<section class=\"elementor-section elementor-top-section elementor-element elementor-element-4b1c294 elementor-section-boxed elementor-section-height-default elementor-section-height-default\" data-id=\"4b1c294\" data-element_type=\"section\" data-e-type=\"section\" data-settings=\"{&quot;ekit_has_onepagescroll_dot&quot;:&quot;yes&quot;}\">\n\t\t\t\t\t\t<div class=\"elementor-container elementor-column-gap-default\">\n\t\t\t\t\t<div class=\"elementor-column elementor-col-100 elementor-top-column elementor-element elementor-element-d414e09\" data-id=\"d414e09\" data-element_type=\"column\" data-e-type=\"column\">\n\t\t\t<div class=\"elementor-widget-wrap\">\n\t\t\t\t\t\t\t<\/div>\n\t\t<\/div>\n\t\t\t\t\t<\/div>\n\t\t<\/section>\n\t\t\t\t<section class=\"elementor-section elementor-top-section elementor-element elementor-element-7139180 elementor-section-boxed elementor-section-height-default elementor-section-height-default\" data-id=\"7139180\" data-element_type=\"section\" data-e-type=\"section\" data-settings=\"{&quot;ekit_has_onepagescroll_dot&quot;:&quot;yes&quot;}\">\n\t\t\t\t\t\t<div class=\"elementor-container elementor-column-gap-default\">\n\t\t\t\t\t<div class=\"elementor-column elementor-col-100 elementor-top-column elementor-element elementor-element-f1cd513\" data-id=\"f1cd513\" data-element_type=\"column\" data-e-type=\"column\">\n\t\t\t<div class=\"elementor-widget-wrap\">\n\t\t\t\t\t\t\t<\/div>\n\t\t<\/div>\n\t\t\t\t\t<\/div>\n\t\t<\/section>\n\t\t\t\t<\/div>\n\t\t","protected":false},"excerpt":{"rendered":"<p>\u00a0 A Escola de Seguran\u00e7a Multidimensional do Instituto de Rela\u00e7\u00f5es Internacionais da Universidade de S\u00e3o Paulo (ESEM-IRI-USP) recebeu o Diretor Geral da Pol\u00edcia Nacional da Col\u00f4mbia e Presidente da AMERIPOL, General William Oswaldo Rinc\u00f3n Zambrano, em visita institucional realizada na Universidade de S\u00e3o Paulo (USP), com o objetivo de discutir a continuidade da coopera\u00e7\u00e3o acad\u00eamica [&hellip;]<\/p>\n","protected":false},"author":2,"featured_media":5784,"comment_status":"closed","ping_status":"open","sticky":false,"template":"","format":"standard","meta":{"footnotes":""},"categories":[44],"tags":[48],"class_list":["post-5783","post","type-post","status-publish","format-standard","has-post-thumbnail","hentry","category-institucional","tag-segurancapublica-2"],"yoast_head":"<!-- This site is optimized with the Yoast SEO plugin v27.5 - https:\/\/yoast.com\/product\/yoast-seo-wordpress\/ -->\n<title>ESEM-USP recebe o Diretor Geral da Pol\u00edcia Nacional da Col\u00f4mbia e Presidente da AMERIPOL, General William Oswaldo Rinc\u00f3n Zambrano, para discutir coopera\u00e7\u00e3o acad\u00eamica - ESEM<\/title>\n<meta name=\"description\" content=\"A Escola de Seguran\u00e7a Multidimensional (ESEM) faz parte do Instituto de Rela\u00e7\u00f5es Internacionais (IRI) da Universidade de S\u00e3o Paulo (USP).\" \/>\n<meta name=\"robots\" content=\"index, follow, max-snippet:-1, max-image-preview:large, max-video-preview:-1\" \/>\n<link rel=\"canonical\" href=\"https:\/\/esem.org.br\/pt\/esem-usp-recebe-o-diretor-geral-da-policia-nacional-da-colombia-e-presidente-da-ameripol-general-william-oswaldo-rincon-zambrano-para-discutir-cooperacao-academica\/\" \/>\n<meta property=\"og:locale\" content=\"pt_BR\" \/>\n<meta property=\"og:type\" content=\"article\" \/>\n<meta property=\"og:title\" content=\"ESEM-USP recebe o Diretor Geral da Pol\u00edcia Nacional da Col\u00f4mbia e Presidente da AMERIPOL, General William Oswaldo Rinc\u00f3n Zambrano, para discutir coopera\u00e7\u00e3o acad\u00eamica - ESEM\" \/>\n<meta property=\"og:description\" content=\"A Escola de Seguran\u00e7a Multidimensional (ESEM) faz parte do Instituto de Rela\u00e7\u00f5es Internacionais (IRI) da Universidade de S\u00e3o Paulo (USP).\" \/>\n<meta property=\"og:url\" content=\"https:\/\/esem.org.br\/pt\/esem-usp-recebe-o-diretor-geral-da-policia-nacional-da-colombia-e-presidente-da-ameripol-general-william-oswaldo-rincon-zambrano-para-discutir-cooperacao-academica\/\" \/>\n<meta property=\"og:site_name\" content=\"ESEM\" \/>\n<meta property=\"article:published_time\" content=\"2026-04-30T00:33:00+00:00\" \/>\n<meta property=\"article:modified_time\" content=\"2026-04-30T00:33:36+00:00\" \/>\n<meta property=\"og:image\" content=\"https:\/\/esem.org.br\/wp-content\/uploads\/2026\/04\/PHOTO-2026-04-23-12-33-40.jpg\" \/>\n\t<meta property=\"og:image:width\" content=\"960\" \/>\n\t<meta property=\"og:image:height\" content=\"1280\" \/>\n\t<meta property=\"og:image:type\" content=\"image\/jpeg\" \/>\n<meta name=\"author\" content=\"esem\" \/>\n<meta name=\"twitter:card\" content=\"summary_large_image\" \/>\n<meta name=\"twitter:label1\" content=\"Escrito por\" \/>\n\t<meta name=\"twitter:data1\" content=\"esem\" \/>\n\t<meta name=\"twitter:label2\" content=\"Est. tempo de leitura\" \/>\n\t<meta name=\"twitter:data2\" content=\"2 minutos\" \/>\n<script type=\"application\/ld+json\" class=\"yoast-schema-graph\">{\"@context\":\"https:\\\/\\\/schema.org\",\"@graph\":[{\"@type\":\"Article\",\"@id\":\"https:\\\/\\\/esem.org.br\\\/pt\\\/esem-usp-recebe-o-diretor-geral-da-policia-nacional-da-colombia-e-presidente-da-ameripol-general-william-oswaldo-rincon-zambrano-para-discutir-cooperacao-academica\\\/#article\",\"isPartOf\":{\"@id\":\"https:\\\/\\\/esem.org.br\\\/pt\\\/esem-usp-recebe-o-diretor-geral-da-policia-nacional-da-colombia-e-presidente-da-ameripol-general-william-oswaldo-rincon-zambrano-para-discutir-cooperacao-academica\\\/\"},\"author\":{\"name\":\"esem\",\"@id\":\"https:\\\/\\\/esem.org.br\\\/pt\\\/#\\\/schema\\\/person\\\/3b4d74c38b6777eeeb8b4234ba1e4738\"},\"headline\":\"ESEM-USP recebe o Diretor Geral da Pol\u00edcia Nacional da Col\u00f4mbia e Presidente da AMERIPOL, General William Oswaldo Rinc\u00f3n Zambrano, para discutir coopera\u00e7\u00e3o acad\u00eamica\",\"datePublished\":\"2026-04-30T00:33:00+00:00\",\"dateModified\":\"2026-04-30T00:33:36+00:00\",\"mainEntityOfPage\":{\"@id\":\"https:\\\/\\\/esem.org.br\\\/pt\\\/esem-usp-recebe-o-diretor-geral-da-policia-nacional-da-colombia-e-presidente-da-ameripol-general-william-oswaldo-rincon-zambrano-para-discutir-cooperacao-academica\\\/\"},\"wordCount\":378,\"publisher\":{\"@id\":\"https:\\\/\\\/esem.org.br\\\/pt\\\/#organization\"},\"image\":{\"@id\":\"https:\\\/\\\/esem.org.br\\\/pt\\\/esem-usp-recebe-o-diretor-geral-da-policia-nacional-da-colombia-e-presidente-da-ameripol-general-william-oswaldo-rincon-zambrano-para-discutir-cooperacao-academica\\\/#primaryimage\"},\"thumbnailUrl\":\"https:\\\/\\\/esem.org.br\\\/wp-content\\\/uploads\\\/2026\\\/04\\\/PHOTO-2026-04-29-17-45-08.jpg\",\"keywords\":[\"segurancapublica\"],\"articleSection\":[\"Institucional\"],\"inLanguage\":\"pt-BR\"},{\"@type\":\"WebPage\",\"@id\":\"https:\\\/\\\/esem.org.br\\\/pt\\\/esem-usp-recebe-o-diretor-geral-da-policia-nacional-da-colombia-e-presidente-da-ameripol-general-william-oswaldo-rincon-zambrano-para-discutir-cooperacao-academica\\\/\",\"url\":\"https:\\\/\\\/esem.org.br\\\/pt\\\/esem-usp-recebe-o-diretor-geral-da-policia-nacional-da-colombia-e-presidente-da-ameripol-general-william-oswaldo-rincon-zambrano-para-discutir-cooperacao-academica\\\/\",\"name\":\"ESEM-USP recebe o Diretor Geral da Pol\u00edcia Nacional da Col\u00f4mbia e Presidente da AMERIPOL, General William Oswaldo Rinc\u00f3n Zambrano, para discutir coopera\u00e7\u00e3o acad\u00eamica - ESEM\",\"isPartOf\":{\"@id\":\"https:\\\/\\\/esem.org.br\\\/pt\\\/#website\"},\"primaryImageOfPage\":{\"@id\":\"https:\\\/\\\/esem.org.br\\\/pt\\\/esem-usp-recebe-o-diretor-geral-da-policia-nacional-da-colombia-e-presidente-da-ameripol-general-william-oswaldo-rincon-zambrano-para-discutir-cooperacao-academica\\\/#primaryimage\"},\"image\":{\"@id\":\"https:\\\/\\\/esem.org.br\\\/pt\\\/esem-usp-recebe-o-diretor-geral-da-policia-nacional-da-colombia-e-presidente-da-ameripol-general-william-oswaldo-rincon-zambrano-para-discutir-cooperacao-academica\\\/#primaryimage\"},\"thumbnailUrl\":\"https:\\\/\\\/esem.org.br\\\/wp-content\\\/uploads\\\/2026\\\/04\\\/PHOTO-2026-04-29-17-45-08.jpg\",\"datePublished\":\"2026-04-30T00:33:00+00:00\",\"dateModified\":\"2026-04-30T00:33:36+00:00\",\"description\":\"A Escola de Seguran\u00e7a Multidimensional (ESEM) faz parte do Instituto de Rela\u00e7\u00f5es Internacionais (IRI) da Universidade de S\u00e3o Paulo (USP).\",\"breadcrumb\":{\"@id\":\"https:\\\/\\\/esem.org.br\\\/pt\\\/esem-usp-recebe-o-diretor-geral-da-policia-nacional-da-colombia-e-presidente-da-ameripol-general-william-oswaldo-rincon-zambrano-para-discutir-cooperacao-academica\\\/#breadcrumb\"},\"inLanguage\":\"pt-BR\",\"potentialAction\":[{\"@type\":\"ReadAction\",\"target\":[\"https:\\\/\\\/esem.org.br\\\/pt\\\/esem-usp-recebe-o-diretor-geral-da-policia-nacional-da-colombia-e-presidente-da-ameripol-general-william-oswaldo-rincon-zambrano-para-discutir-cooperacao-academica\\\/\"]}]},{\"@type\":\"ImageObject\",\"inLanguage\":\"pt-BR\",\"@id\":\"https:\\\/\\\/esem.org.br\\\/pt\\\/esem-usp-recebe-o-diretor-geral-da-policia-nacional-da-colombia-e-presidente-da-ameripol-general-william-oswaldo-rincon-zambrano-para-discutir-cooperacao-academica\\\/#primaryimage\",\"url\":\"https:\\\/\\\/esem.org.br\\\/wp-content\\\/uploads\\\/2026\\\/04\\\/PHOTO-2026-04-29-17-45-08.jpg\",\"contentUrl\":\"https:\\\/\\\/esem.org.br\\\/wp-content\\\/uploads\\\/2026\\\/04\\\/PHOTO-2026-04-29-17-45-08.jpg\",\"width\":1080,\"height\":1350},{\"@type\":\"BreadcrumbList\",\"@id\":\"https:\\\/\\\/esem.org.br\\\/pt\\\/esem-usp-recebe-o-diretor-geral-da-policia-nacional-da-colombia-e-presidente-da-ameripol-general-william-oswaldo-rincon-zambrano-para-discutir-cooperacao-academica\\\/#breadcrumb\",\"itemListElement\":[{\"@type\":\"ListItem\",\"position\":1,\"name\":\"In\u00edcio\",\"item\":\"https:\\\/\\\/esem.org.br\\\/\"},{\"@type\":\"ListItem\",\"position\":2,\"name\":\"ESEM-USP recebe o Diretor Geral da Pol\u00edcia Nacional da Col\u00f4mbia e Presidente da AMERIPOL, General William Oswaldo Rinc\u00f3n Zambrano, para discutir coopera\u00e7\u00e3o acad\u00eamica\"}]},{\"@type\":\"WebSite\",\"@id\":\"https:\\\/\\\/esem.org.br\\\/pt\\\/#website\",\"url\":\"https:\\\/\\\/esem.org.br\\\/pt\\\/\",\"name\":\"ESEM Escola de Seguran\u00e7a Multidimensional\",\"description\":\"Escola de Seguran\u00e7a Multidimensional\",\"publisher\":{\"@id\":\"https:\\\/\\\/esem.org.br\\\/pt\\\/#organization\"},\"potentialAction\":[{\"@type\":\"SearchAction\",\"target\":{\"@type\":\"EntryPoint\",\"urlTemplate\":\"https:\\\/\\\/esem.org.br\\\/pt\\\/?s={search_term_string}\"},\"query-input\":{\"@type\":\"PropertyValueSpecification\",\"valueRequired\":true,\"valueName\":\"search_term_string\"}}],\"inLanguage\":\"pt-BR\"},{\"@type\":\"Organization\",\"@id\":\"https:\\\/\\\/esem.org.br\\\/pt\\\/#organization\",\"name\":\"ESEM Escola de Seguran\u00e7a Multidimensional\",\"url\":\"https:\\\/\\\/esem.org.br\\\/pt\\\/\",\"logo\":{\"@type\":\"ImageObject\",\"inLanguage\":\"pt-BR\",\"@id\":\"https:\\\/\\\/esem.org.br\\\/pt\\\/#\\\/schema\\\/logo\\\/image\\\/\",\"url\":\"https:\\\/\\\/esem.org.br\\\/wp-content\\\/uploads\\\/2022\\\/09\\\/Copia-de-WhatsApp-Image-2021-05-24-at-17.04.17-e1663853541820.jpeg\",\"contentUrl\":\"https:\\\/\\\/esem.org.br\\\/wp-content\\\/uploads\\\/2022\\\/09\\\/Copia-de-WhatsApp-Image-2021-05-24-at-17.04.17-e1663853541820.jpeg\",\"width\":739,\"height\":966,\"caption\":\"ESEM Escola de Seguran\u00e7a Multidimensional\"},\"image\":{\"@id\":\"https:\\\/\\\/esem.org.br\\\/pt\\\/#\\\/schema\\\/logo\\\/image\\\/\"}},{\"@type\":\"Person\",\"@id\":\"https:\\\/\\\/esem.org.br\\\/pt\\\/#\\\/schema\\\/person\\\/3b4d74c38b6777eeeb8b4234ba1e4738\",\"name\":\"esem\",\"image\":{\"@type\":\"ImageObject\",\"inLanguage\":\"pt-BR\",\"@id\":\"https:\\\/\\\/secure.gravatar.com\\\/avatar\\\/d3e3b5b1d76cfcb32f8d51da8cecb957dbe625a90985eba04d0e9708bad09ba2?s=96&d=mm&r=g\",\"url\":\"https:\\\/\\\/secure.gravatar.com\\\/avatar\\\/d3e3b5b1d76cfcb32f8d51da8cecb957dbe625a90985eba04d0e9708bad09ba2?s=96&d=mm&r=g\",\"contentUrl\":\"https:\\\/\\\/secure.gravatar.com\\\/avatar\\\/d3e3b5b1d76cfcb32f8d51da8cecb957dbe625a90985eba04d0e9708bad09ba2?s=96&d=mm&r=g\",\"caption\":\"esem\"},\"url\":\"https:\\\/\\\/esem.org.br\\\/pt\\\/author\\\/esem\\\/\"}]}<\/script>\n<!-- \/ Yoast SEO plugin. -->","yoast_head_json":{"title":"ESEM-USP recebe o Diretor Geral da Pol\u00edcia Nacional da Col\u00f4mbia e Presidente da AMERIPOL, General William Oswaldo Rinc\u00f3n Zambrano, para discutir coopera\u00e7\u00e3o acad\u00eamica - ESEM","description":"A Escola de Seguran\u00e7a Multidimensional (ESEM) faz parte do Instituto de Rela\u00e7\u00f5es Internacionais (IRI) da Universidade de S\u00e3o Paulo (USP).","robots":{"index":"index","follow":"follow","max-snippet":"max-snippet:-1","max-image-preview":"max-image-preview:large","max-video-preview":"max-video-preview:-1"},"canonical":"https:\/\/esem.org.br\/pt\/esem-usp-recebe-o-diretor-geral-da-policia-nacional-da-colombia-e-presidente-da-ameripol-general-william-oswaldo-rincon-zambrano-para-discutir-cooperacao-academica\/","og_locale":"pt_BR","og_type":"article","og_title":"ESEM-USP recebe o Diretor Geral da Pol\u00edcia Nacional da Col\u00f4mbia e Presidente da AMERIPOL, General William Oswaldo Rinc\u00f3n Zambrano, para discutir coopera\u00e7\u00e3o acad\u00eamica - ESEM","og_description":"A Escola de Seguran\u00e7a Multidimensional (ESEM) faz parte do Instituto de Rela\u00e7\u00f5es Internacionais (IRI) da Universidade de S\u00e3o Paulo (USP).","og_url":"https:\/\/esem.org.br\/pt\/esem-usp-recebe-o-diretor-geral-da-policia-nacional-da-colombia-e-presidente-da-ameripol-general-william-oswaldo-rincon-zambrano-para-discutir-cooperacao-academica\/","og_site_name":"ESEM","article_published_time":"2026-04-30T00:33:00+00:00","article_modified_time":"2026-04-30T00:33:36+00:00","og_image":[{"width":960,"height":1280,"url":"https:\/\/esem.org.br\/wp-content\/uploads\/2026\/04\/PHOTO-2026-04-23-12-33-40.jpg","type":"image\/jpeg"}],"author":"esem","twitter_card":"summary_large_image","twitter_misc":{"Escrito por":"esem","Est. tempo de leitura":"2 minutos"},"schema":{"@context":"https:\/\/schema.org","@graph":[{"@type":"Article","@id":"https:\/\/esem.org.br\/pt\/esem-usp-recebe-o-diretor-geral-da-policia-nacional-da-colombia-e-presidente-da-ameripol-general-william-oswaldo-rincon-zambrano-para-discutir-cooperacao-academica\/#article","isPartOf":{"@id":"https:\/\/esem.org.br\/pt\/esem-usp-recebe-o-diretor-geral-da-policia-nacional-da-colombia-e-presidente-da-ameripol-general-william-oswaldo-rincon-zambrano-para-discutir-cooperacao-academica\/"},"author":{"name":"esem","@id":"https:\/\/esem.org.br\/pt\/#\/schema\/person\/3b4d74c38b6777eeeb8b4234ba1e4738"},"headline":"ESEM-USP recebe o Diretor Geral da Pol\u00edcia Nacional da Col\u00f4mbia e Presidente da AMERIPOL, General William Oswaldo Rinc\u00f3n Zambrano, para discutir coopera\u00e7\u00e3o acad\u00eamica","datePublished":"2026-04-30T00:33:00+00:00","dateModified":"2026-04-30T00:33:36+00:00","mainEntityOfPage":{"@id":"https:\/\/esem.org.br\/pt\/esem-usp-recebe-o-diretor-geral-da-policia-nacional-da-colombia-e-presidente-da-ameripol-general-william-oswaldo-rincon-zambrano-para-discutir-cooperacao-academica\/"},"wordCount":378,"publisher":{"@id":"https:\/\/esem.org.br\/pt\/#organization"},"image":{"@id":"https:\/\/esem.org.br\/pt\/esem-usp-recebe-o-diretor-geral-da-policia-nacional-da-colombia-e-presidente-da-ameripol-general-william-oswaldo-rincon-zambrano-para-discutir-cooperacao-academica\/#primaryimage"},"thumbnailUrl":"https:\/\/esem.org.br\/wp-content\/uploads\/2026\/04\/PHOTO-2026-04-29-17-45-08.jpg","keywords":["segurancapublica"],"articleSection":["Institucional"],"inLanguage":"pt-BR"},{"@type":"WebPage","@id":"https:\/\/esem.org.br\/pt\/esem-usp-recebe-o-diretor-geral-da-policia-nacional-da-colombia-e-presidente-da-ameripol-general-william-oswaldo-rincon-zambrano-para-discutir-cooperacao-academica\/","url":"https:\/\/esem.org.br\/pt\/esem-usp-recebe-o-diretor-geral-da-policia-nacional-da-colombia-e-presidente-da-ameripol-general-william-oswaldo-rincon-zambrano-para-discutir-cooperacao-academica\/","name":"ESEM-USP recebe o Diretor Geral da Pol\u00edcia Nacional da Col\u00f4mbia e Presidente da AMERIPOL, General William Oswaldo Rinc\u00f3n Zambrano, para discutir coopera\u00e7\u00e3o acad\u00eamica - ESEM","isPartOf":{"@id":"https:\/\/esem.org.br\/pt\/#website"},"primaryImageOfPage":{"@id":"https:\/\/esem.org.br\/pt\/esem-usp-recebe-o-diretor-geral-da-policia-nacional-da-colombia-e-presidente-da-ameripol-general-william-oswaldo-rincon-zambrano-para-discutir-cooperacao-academica\/#primaryimage"},"image":{"@id":"https:\/\/esem.org.br\/pt\/esem-usp-recebe-o-diretor-geral-da-policia-nacional-da-colombia-e-presidente-da-ameripol-general-william-oswaldo-rincon-zambrano-para-discutir-cooperacao-academica\/#primaryimage"},"thumbnailUrl":"https:\/\/esem.org.br\/wp-content\/uploads\/2026\/04\/PHOTO-2026-04-29-17-45-08.jpg","datePublished":"2026-04-30T00:33:00+00:00","dateModified":"2026-04-30T00:33:36+00:00","description":"A Escola de Seguran\u00e7a Multidimensional (ESEM) faz parte do Instituto de Rela\u00e7\u00f5es Internacionais (IRI) da Universidade de S\u00e3o Paulo (USP).","breadcrumb":{"@id":"https:\/\/esem.org.br\/pt\/esem-usp-recebe-o-diretor-geral-da-policia-nacional-da-colombia-e-presidente-da-ameripol-general-william-oswaldo-rincon-zambrano-para-discutir-cooperacao-academica\/#breadcrumb"},"inLanguage":"pt-BR","potentialAction":[{"@type":"ReadAction","target":["https:\/\/esem.org.br\/pt\/esem-usp-recebe-o-diretor-geral-da-policia-nacional-da-colombia-e-presidente-da-ameripol-general-william-oswaldo-rincon-zambrano-para-discutir-cooperacao-academica\/"]}]},{"@type":"ImageObject","inLanguage":"pt-BR","@id":"https:\/\/esem.org.br\/pt\/esem-usp-recebe-o-diretor-geral-da-policia-nacional-da-colombia-e-presidente-da-ameripol-general-william-oswaldo-rincon-zambrano-para-discutir-cooperacao-academica\/#primaryimage","url":"https:\/\/esem.org.br\/wp-content\/uploads\/2026\/04\/PHOTO-2026-04-29-17-45-08.jpg","contentUrl":"https:\/\/esem.org.br\/wp-content\/uploads\/2026\/04\/PHOTO-2026-04-29-17-45-08.jpg","width":1080,"height":1350},{"@type":"BreadcrumbList","@id":"https:\/\/esem.org.br\/pt\/esem-usp-recebe-o-diretor-geral-da-policia-nacional-da-colombia-e-presidente-da-ameripol-general-william-oswaldo-rincon-zambrano-para-discutir-cooperacao-academica\/#breadcrumb","itemListElement":[{"@type":"ListItem","position":1,"name":"In\u00edcio","item":"https:\/\/esem.org.br\/"},{"@type":"ListItem","position":2,"name":"ESEM-USP recebe o Diretor Geral da Pol\u00edcia Nacional da Col\u00f4mbia e Presidente da AMERIPOL, General William Oswaldo Rinc\u00f3n Zambrano, para discutir coopera\u00e7\u00e3o acad\u00eamica"}]},{"@type":"WebSite","@id":"https:\/\/esem.org.br\/pt\/#website","url":"https:\/\/esem.org.br\/pt\/","name":"ESEM Escola de Seguran\u00e7a Multidimensional","description":"Escola de Seguran\u00e7a Multidimensional","publisher":{"@id":"https:\/\/esem.org.br\/pt\/#organization"},"potentialAction":[{"@type":"SearchAction","target":{"@type":"EntryPoint","urlTemplate":"https:\/\/esem.org.br\/pt\/?s={search_term_string}"},"query-input":{"@type":"PropertyValueSpecification","valueRequired":true,"valueName":"search_term_string"}}],"inLanguage":"pt-BR"},{"@type":"Organization","@id":"https:\/\/esem.org.br\/pt\/#organization","name":"ESEM Escola de Seguran\u00e7a Multidimensional","url":"https:\/\/esem.org.br\/pt\/","logo":{"@type":"ImageObject","inLanguage":"pt-BR","@id":"https:\/\/esem.org.br\/pt\/#\/schema\/logo\/image\/","url":"https:\/\/esem.org.br\/wp-content\/uploads\/2022\/09\/Copia-de-WhatsApp-Image-2021-05-24-at-17.04.17-e1663853541820.jpeg","contentUrl":"https:\/\/esem.org.br\/wp-content\/uploads\/2022\/09\/Copia-de-WhatsApp-Image-2021-05-24-at-17.04.17-e1663853541820.jpeg","width":739,"height":966,"caption":"ESEM Escola de Seguran\u00e7a Multidimensional"},"image":{"@id":"https:\/\/esem.org.br\/pt\/#\/schema\/logo\/image\/"}},{"@type":"Person","@id":"https:\/\/esem.org.br\/pt\/#\/schema\/person\/3b4d74c38b6777eeeb8b4234ba1e4738","name":"esem","image":{"@type":"ImageObject","inLanguage":"pt-BR","@id":"https:\/\/secure.gravatar.com\/avatar\/d3e3b5b1d76cfcb32f8d51da8cecb957dbe625a90985eba04d0e9708bad09ba2?s=96&d=mm&r=g","url":"https:\/\/secure.gravatar.com\/avatar\/d3e3b5b1d76cfcb32f8d51da8cecb957dbe625a90985eba04d0e9708bad09ba2?s=96&d=mm&r=g","contentUrl":"https:\/\/secure.gravatar.com\/avatar\/d3e3b5b1d76cfcb32f8d51da8cecb957dbe625a90985eba04d0e9708bad09ba2?s=96&d=mm&r=g","caption":"esem"},"url":"https:\/\/esem.org.br\/pt\/author\/esem\/"}]}},"_links":{"self":[{"href":"https:\/\/esem.org.br\/pt\/wp-json\/wp\/v2\/posts\/5783","targetHints":{"allow":["GET"]}}],"collection":[{"href":"https:\/\/esem.org.br\/pt\/wp-json\/wp\/v2\/posts"}],"about":[{"href":"https:\/\/esem.org.br\/pt\/wp-json\/wp\/v2\/types\/post"}],"author":[{"embeddable":true,"href":"https:\/\/esem.org.br\/pt\/wp-json\/wp\/v2\/users\/2"}],"replies":[{"embeddable":true,"href":"https:\/\/esem.org.br\/pt\/wp-json\/wp\/v2\/comments?post=5783"}],"version-history":[{"count":4,"href":"https:\/\/esem.org.br\/pt\/wp-json\/wp\/v2\/posts\/5783\/revisions"}],"predecessor-version":[{"id":5788,"href":"https:\/\/esem.org.br\/pt\/wp-json\/wp\/v2\/posts\/5783\/revisions\/5788"}],"wp:featuredmedia":[{"embeddable":true,"href":"https:\/\/esem.org.br\/pt\/wp-json\/wp\/v2\/media\/5784"}],"wp:attachment":[{"href":"https:\/\/esem.org.br\/pt\/wp-json\/wp\/v2\/media?parent=5783"}],"wp:term":[{"taxonomy":"category","embeddable":true,"href":"https:\/\/esem.org.br\/pt\/wp-json\/wp\/v2\/categories?post=5783"},{"taxonomy":"post_tag","embeddable":true,"href":"https:\/\/esem.org.br\/pt\/wp-json\/wp\/v2\/tags?post=5783"}],"curies":[{"name":"wp","href":"https:\/\/api.w.org\/{rel}","templated":true}]}}